{"id":25224,"date":"2019-12-27T13:37:10","date_gmt":"2019-12-27T13:37:10","guid":{"rendered":"https:\/\/sertv.gob.pa\/crisolfm\/?p=25224"},"modified":"2019-12-27T13:37:10","modified_gmt":"2019-12-27T13:37:10","slug":"rio-espera-un-record-de-18-millones-de-turistas-para-su-fiesta-de-ano-nuevo","status":"publish","type":"post","link":"https:\/\/sertv.gob.pa\/crisolfm\/rio-espera-un-record-de-18-millones-de-turistas-para-su-fiesta-de-ano-nuevo\/","title":{"rendered":"R\u00edo espera un r\u00e9cord de 1,8 millones de turistas para su fiesta de a\u00f1o nuevo"},"content":{"rendered":"<p>Con el 90 % de la capacidad hotelera ya reservada y expectativa de alcanzar el 100 % de ocupaci\u00f3n, la ciudad brasile\u00f1a de R\u00edo de Janeiro espera un r\u00e9cord de 1,8 millones de turistas en su Reveillon, como es conocida la fiesta de a\u00f1o nuevo que organiza en la famosa playa de Copacabana.<\/p>\n<p>La proyecci\u00f3n fue divulgada este jueves por el gobernador del estado de R\u00edo de Janeiro, Wilson Witzel, quien espera que un poco m\u00e1s de 2,8 millones de personas (un mill\u00f3n de cariocas y 1,8 millones de visitantes entre extranjeros y brasile\u00f1os) acudan a la playa de Copacabana el martes para disfrutar el Reveillon. \u00abLa expectativa para este a\u00f1o es superar los 2,8 millones de personas que estuvieron en la fiesta de Copacabana para recibir 2019. Estamos con el 90 % de la capacidad hotelera reservada\u00bb, afirm\u00f3 el gobernador del estado m\u00e1s emblem\u00e1tico de Brasil en una rueda de prensa.<\/p>\n<p>Witzel dijo que la fiesta tendr\u00e1 un costo para la gobernaci\u00f3n de 10 millones de reales (unos 2,4 millones de d\u00f3lares), de los que un poco m\u00e1s de la mitad ser\u00e1n financiados por dos empresas privadas que recibir\u00e1n a cambio los beneficios ofrecidos por la Ley de Incentivo a la Cultura de R\u00edo de Janeiro.<\/p>\n<p>El presidente de la empresa regional de incentivo al turismo Riotur, Marcelo Alves, afirm\u00f3 que los hoteles esperan alcanzar su ocupaci\u00f3n m\u00e1xima hasta el pr\u00f3ximo martes. \u00abAlcanzaremos 100 % de ocupaci\u00f3n hotelera. Queremos r\u00e9cord no s\u00f3lo de n\u00fameros sino tambi\u00e9n de alegr\u00eda. Ese el objetivo del Reveillon\u00bb, afirm\u00f3 Alves en la misma rueda de prensa.<\/p>\n<p><strong>EFE<\/strong><\/p>\n","protected":false},"excerpt":{"rendered":"<p>Con el 90 % de la capacidad hotelera ya reservada <a href=\"https:\/\/sertv.gob.pa\/crisolfm\/rio-espera-un-record-de-18-millones-de-turistas-para-su-fiesta-de-ano-nuevo\/\"> [&#8230;]<\/a><\/p>\n","protected":false},"author":64,"featured_media":25225,"comment_status":"closed","ping_status":"closed","sticky":false,"template":"","format":"standard","meta":{"footnotes":""},"categories":[6],"tags":[],"class_list":["post-25224","post","type-post","status-publish","format-standard","has-post-thumbnail","hentry","category-culturales"],"_links":{"self":[{"href":"https:\/\/sertv.gob.pa\/crisolfm\/wp-json\/wp\/v2\/posts\/25224","targetHints":{"allow":["GET"]}}],"collection":[{"href":"https:\/\/sertv.gob.pa\/crisolfm\/wp-json\/wp\/v2\/posts"}],"about":[{"href":"https:\/\/sertv.gob.pa\/crisolfm\/wp-json\/wp\/v2\/types\/post"}],"author":[{"embeddable":true,"href":"https:\/\/sertv.gob.pa\/crisolfm\/wp-json\/wp\/v2\/users\/64"}],"replies":[{"embeddable":true,"href":"https:\/\/sertv.gob.pa\/crisolfm\/wp-json\/wp\/v2\/comments?post=25224"}],"version-history":[{"count":1,"href":"https:\/\/sertv.gob.pa\/crisolfm\/wp-json\/wp\/v2\/posts\/25224\/revisions"}],"predecessor-version":[{"id":25226,"href":"https:\/\/sertv.gob.pa\/crisolfm\/wp-json\/wp\/v2\/posts\/25224\/revisions\/25226"}],"wp:featuredmedia":[{"embeddable":true,"href":"https:\/\/sertv.gob.pa\/crisolfm\/wp-json\/wp\/v2\/media\/25225"}],"wp:attachment":[{"href":"https:\/\/sertv.gob.pa\/crisolfm\/wp-json\/wp\/v2\/media?parent=25224"}],"wp:term":[{"taxonomy":"category","embeddable":true,"href":"https:\/\/sertv.gob.pa\/crisolfm\/wp-json\/wp\/v2\/categories?post=25224"},{"taxonomy":"post_tag","embeddable":true,"href":"https:\/\/sertv.gob.pa\/crisolfm\/wp-json\/wp\/v2\/tags?post=25224"}],"curies":[{"name":"wp","href":"https:\/\/api.w.org\/{rel}","templated":true}]}}