{"id":25228,"date":"2019-12-27T13:50:10","date_gmt":"2019-12-27T13:50:10","guid":{"rendered":"https:\/\/sertv.gob.pa\/crisolfm\/?p=25228"},"modified":"2019-12-27T13:50:10","modified_gmt":"2019-12-27T13:50:10","slug":"el-incendio-de-la-chiquitania-boliviana-afectara-el-manto-blanco-de-glaciares","status":"publish","type":"post","link":"https:\/\/sertv.gob.pa\/crisolfm\/el-incendio-de-la-chiquitania-boliviana-afectara-el-manto-blanco-de-glaciares\/","title":{"rendered":"El incendio de la Chiquitania boliviana afectar\u00e1 el manto blanco de glaciares"},"content":{"rendered":"<p>El manto blanco de los glaciares cada vez es menor por la crisis clim\u00e1tica en el planeta, a lo que en Bolivia se sumar\u00e1 el negro holl\u00edn que dej\u00f3 el devastador incendio de la Chiquitania, que acelerar\u00e1 el deshielo.<\/p>\n<p>Efe visit\u00f3 el imponente nevado Huayna Potos\u00ed a 6.088 metros de altitud, uno de los m\u00e1s emblem\u00e1ticos de Bolivia, para conocer el impacto de la crisis clim\u00e1tica en su glaciar.<\/p>\n<p>\u00abHace diez a\u00f1os estaba el glaciar con m\u00e1s nieve, pero ahora siempre est\u00e1 cambiando\u00bb, relat\u00f3 a Efe el gu\u00eda de monta\u00f1a Eulogio Llusco. El veterano gu\u00eda, que lleva 25 a\u00f1os subiendo monta\u00f1as y que ascendi\u00f3 ese nevado m\u00e1s de setecientas veces, cont\u00f3 que en este \u00faltimo tiempo el glaciar \u00abha cambiado mucho\u00bb y cada vez hay menos nieve.<\/p>\n<p>Al problema global por el calentamiento del planeta se suma en Bolivia el desastre de los grandes incendios de este a\u00f1o. A trav\u00e9s del viento viajan part\u00edculas de \u00abcarbono negro\u00bb producto de los incendios de agosto en el este del pa\u00eds, que arrasaron con millones de hect\u00e1reas de bosques y pastizales, explic\u00f3 a Efe el responsable para Bolivia del Servicio Mundial de Monitoreo de Glaciares (WGMS, en sus siglas en ingl\u00e9s), \u00c1lvaro Soruco.<\/p>\n<p>Esas part\u00edculas de carbono negro, m\u00e1s conocidas como holl\u00edn, tienen la capacidad de absorber la luz solar, lo cual influye en la aceleraci\u00f3n del derretimiento de los glaciares. \u00abCuando hay m\u00e1s part\u00edculas de carbono negro que se depositan en los glaciares, la fusi\u00f3n (derretimiento) incrementa porque un glaciar absorbe mayor cantidad de energ\u00eda\u00bb, detall\u00f3 el investigador. Estas part\u00edculas viajan a trav\u00e9s del viento o tambi\u00e9n por la lluvia, se depositan en los picos de los nevados y pueden tener un efecto a futuro en la frecuencia e intensidad de las lluvias y justamente en el aceleramiento del deshielo.<\/p>\n<p>EFE<\/p>\n","protected":false},"excerpt":{"rendered":"<p>El manto blanco de los glaciares cada vez es menor <a href=\"https:\/\/sertv.gob.pa\/crisolfm\/el-incendio-de-la-chiquitania-boliviana-afectara-el-manto-blanco-de-glaciares\/\"> [&#8230;]<\/a><\/p>\n","protected":false},"author":64,"featured_media":25231,"comment_status":"closed","ping_status":"closed","sticky":false,"template":"","format":"standard","meta":{"footnotes":""},"categories":[7],"tags":[],"class_list":["post-25228","post","type-post","status-publish","format-standard","has-post-thumbnail","hentry","category-ecologicas"],"_links":{"self":[{"href":"https:\/\/sertv.gob.pa\/crisolfm\/wp-json\/wp\/v2\/posts\/25228","targetHints":{"allow":["GET"]}}],"collection":[{"href":"https:\/\/sertv.gob.pa\/crisolfm\/wp-json\/wp\/v2\/posts"}],"about":[{"href":"https:\/\/sertv.gob.pa\/crisolfm\/wp-json\/wp\/v2\/types\/post"}],"author":[{"embeddable":true,"href":"https:\/\/sertv.gob.pa\/crisolfm\/wp-json\/wp\/v2\/users\/64"}],"replies":[{"embeddable":true,"href":"https:\/\/sertv.gob.pa\/crisolfm\/wp-json\/wp\/v2\/comments?post=25228"}],"version-history":[{"count":1,"href":"https:\/\/sertv.gob.pa\/crisolfm\/wp-json\/wp\/v2\/posts\/25228\/revisions"}],"predecessor-version":[{"id":25232,"href":"https:\/\/sertv.gob.pa\/crisolfm\/wp-json\/wp\/v2\/posts\/25228\/revisions\/25232"}],"wp:featuredmedia":[{"embeddable":true,"href":"https:\/\/sertv.gob.pa\/crisolfm\/wp-json\/wp\/v2\/media\/25231"}],"wp:attachment":[{"href":"https:\/\/sertv.gob.pa\/crisolfm\/wp-json\/wp\/v2\/media?parent=25228"}],"wp:term":[{"taxonomy":"category","embeddable":true,"href":"https:\/\/sertv.gob.pa\/crisolfm\/wp-json\/wp\/v2\/categories?post=25228"},{"taxonomy":"post_tag","embeddable":true,"href":"https:\/\/sertv.gob.pa\/crisolfm\/wp-json\/wp\/v2\/tags?post=25228"}],"curies":[{"name":"wp","href":"https:\/\/api.w.org\/{rel}","templated":true}]}}