{"id":25239,"date":"2019-12-27T14:43:44","date_gmt":"2019-12-27T14:43:44","guid":{"rendered":"https:\/\/sertv.gob.pa\/crisolfm\/?p=25239"},"modified":"2019-12-27T14:43:44","modified_gmt":"2019-12-27T14:43:44","slug":"los-inviernos-en-moscu-ya-no-son-lo-que-eran","status":"publish","type":"post","link":"https:\/\/sertv.gob.pa\/crisolfm\/los-inviernos-en-moscu-ya-no-son-lo-que-eran\/","title":{"rendered":"Los inviernos en Mosc\u00fa ya no son lo que eran"},"content":{"rendered":"<p>Los inviernos rusos ya no son lo que eran, al menos en Mosc\u00fa. La capital rusa vive estos d\u00edas el mes de diciembre m\u00e1s caluroso de la historia. Y no s\u00f3lo es que las temperaturas no bajen de cero, sino que no hay ni rastro del tradicional manto de nieve que cubre habitualmente sus aceras y parques en esta \u00e9poca del a\u00f1o.<\/p>\n<p>\u00abEste a\u00f1o es realmente \u00fanico por sus anormales condiciones climatol\u00f3gicas. Muchas plantas hasta se han equivocado de estaci\u00f3n\u00bb, coment\u00f3 a Efe Ant\u00f3n Dubiniuk, encargado del Jard\u00edn Bot\u00e1nico adscrito a la Universidad Estatal de Mosc\u00fa.<\/p>\n<p>Los term\u00f3metros marcan estos d\u00edas entre 6 y 7 grados por encima de la norma, lo que tiene a los expertos confundidos, a los moscovitas nerviosos y a los ni\u00f1os inquietos ante la posibilidad de unas vacaciones navide\u00f1as sin trineo.<\/p>\n<p>Seg\u00fan las previsiones, la temperatura media en diciembre estar\u00e1 ya con toda seguridad por encima de cero &#8211; ning\u00fan d\u00eda ha marcado temperaturas negativas &#8211; y es muy probable que 2019 sea declarado el a\u00f1o m\u00e1s c\u00e1lido en 140 a\u00f1os de observaciones meteorol\u00f3gicas (1879).<\/p>\n<p>La especialista del Centro de Meteorolog\u00eda de Rusia Marina Mak\u00e1rova coment\u00f3 a Efe que en los \u00faltimos diez a\u00f1os los inviernos han sido m\u00e1s c\u00e1lidos y menos nevosos de lo habitual, pero el de 2019 se lleva la palma.<\/p>\n<p>EFE<\/p>\n","protected":false},"excerpt":{"rendered":"<p>Los inviernos rusos ya no son lo que eran, al <a href=\"https:\/\/sertv.gob.pa\/crisolfm\/los-inviernos-en-moscu-ya-no-son-lo-que-eran\/\"> [&#8230;]<\/a><\/p>\n","protected":false},"author":64,"featured_media":25240,"comment_status":"closed","ping_status":"closed","sticky":false,"template":"","format":"standard","meta":{"footnotes":""},"categories":[7],"tags":[],"class_list":["post-25239","post","type-post","status-publish","format-standard","has-post-thumbnail","hentry","category-ecologicas"],"_links":{"self":[{"href":"https:\/\/sertv.gob.pa\/crisolfm\/wp-json\/wp\/v2\/posts\/25239","targetHints":{"allow":["GET"]}}],"collection":[{"href":"https:\/\/sertv.gob.pa\/crisolfm\/wp-json\/wp\/v2\/posts"}],"about":[{"href":"https:\/\/sertv.gob.pa\/crisolfm\/wp-json\/wp\/v2\/types\/post"}],"author":[{"embeddable":true,"href":"https:\/\/sertv.gob.pa\/crisolfm\/wp-json\/wp\/v2\/users\/64"}],"replies":[{"embeddable":true,"href":"https:\/\/sertv.gob.pa\/crisolfm\/wp-json\/wp\/v2\/comments?post=25239"}],"version-history":[{"count":1,"href":"https:\/\/sertv.gob.pa\/crisolfm\/wp-json\/wp\/v2\/posts\/25239\/revisions"}],"predecessor-version":[{"id":25241,"href":"https:\/\/sertv.gob.pa\/crisolfm\/wp-json\/wp\/v2\/posts\/25239\/revisions\/25241"}],"wp:featuredmedia":[{"embeddable":true,"href":"https:\/\/sertv.gob.pa\/crisolfm\/wp-json\/wp\/v2\/media\/25240"}],"wp:attachment":[{"href":"https:\/\/sertv.gob.pa\/crisolfm\/wp-json\/wp\/v2\/media?parent=25239"}],"wp:term":[{"taxonomy":"category","embeddable":true,"href":"https:\/\/sertv.gob.pa\/crisolfm\/wp-json\/wp\/v2\/categories?post=25239"},{"taxonomy":"post_tag","embeddable":true,"href":"https:\/\/sertv.gob.pa\/crisolfm\/wp-json\/wp\/v2\/tags?post=25239"}],"curies":[{"name":"wp","href":"https:\/\/api.w.org\/{rel}","templated":true}]}}