{"id":25261,"date":"2019-12-30T13:23:11","date_gmt":"2019-12-30T13:23:11","guid":{"rendered":"https:\/\/sertv.gob.pa\/crisolfm\/?p=25261"},"modified":"2019-12-30T13:23:11","modified_gmt":"2019-12-30T13:23:11","slug":"agoniza-la-asociacion-nacional-de-conciertos","status":"publish","type":"post","link":"https:\/\/sertv.gob.pa\/crisolfm\/agoniza-la-asociacion-nacional-de-conciertos\/","title":{"rendered":"Agoniza la Asociaci\u00f3n Nacional de Conciertos"},"content":{"rendered":"<p>La <strong>Asociaci\u00f3n Nacional de Conciertos <\/strong>inform\u00f3 que como no le ha sido posible obtener fondos para seguir operando suspender\u00e1 labores al finalizar 2019.<\/p>\n<p>Rafael Moscarella, presidente de la Asociaci\u00f3n, subray\u00f3 que cada vez les es m\u00e1s dif\u00edcil obtener donaciones, tanto privadas como estatales. De hecho, solicitaron una reuni\u00f3n a las nuevas autoridades del <a href=\"https:\/\/www.prensa.com\/tema\/ministerio-de-cultura\/\" target=\"_blank\" rel=\"noopener\">Ministerio de Cultura<\/a> . Activistas y defensores de la cultura calificaron como un \u201cretroceso\u201d para la cultura paname\u00f1a este cierre. \u2018Hubi\u00e9semos querido un poco m\u00e1s de apoyo\u2019<\/p>\n<p>La organizaci\u00f3n, que durante 57 a\u00f1os realiz\u00f3 una valiosa tarea en beneficio de la cultura musical de Panam\u00e1, envi\u00f3 una nota a sus asociados, donantes y aliados en la que les comunic\u00f3 que tras varios a\u00f1os haciendo \u201ctodos los esfuerzos\u201d para continuar con los programas no ha sido posible conseguir los fondos para seguir operando, y con \u201cmucha tristeza\u201d decidieron suspender sus labores al finalizar 2019.<\/p>\n<p>\u201cDe parte de la junta directiva queremos agradecerles el gran respaldo recibido durante todos estos a\u00f1os. Nos sentimos orgullosos del aporte que, con su apoyo, la Asociaci\u00f3n hizo a la m\u00fasica en Panam\u00e1, convirti\u00e9ndose en un referente del acontecer cultural del pa\u00eds\u201d, plantea el comunicado.<\/p>\n<p>Para tener una idea, en el tiempo que oper\u00f3 la organizaci\u00f3n sin fines de lucro, la conocida Temporada Internacional de Conciertos, programa insignia de la asociaci\u00f3n, llev\u00f3 a cabo 366 presentaciones que incluy\u00f3 orquestas, cameratas, recitales e, incluso, ballet y \u00f3pera.<\/p>\n<p>Igualmente desarroll\u00f3, por 34 a\u00f1os, el programa Campamento Musical Juvenil, lo que permiti\u00f3 brindar capacitaci\u00f3n de muy alto nivel a j\u00f3venes m\u00fasicos paname\u00f1os de entre 7 y 25 a\u00f1os de edad.<\/p>\n<p>&nbsp;<\/p>\n","protected":false},"excerpt":{"rendered":"<p>La Asociaci\u00f3n Nacional de Conciertos inform\u00f3 que como no le <a href=\"https:\/\/sertv.gob.pa\/crisolfm\/agoniza-la-asociacion-nacional-de-conciertos\/\"> [&#8230;]<\/a><\/p>\n","protected":false},"author":64,"featured_media":25262,"comment_status":"closed","ping_status":"closed","sticky":false,"template":"","format":"standard","meta":{"footnotes":""},"categories":[6],"tags":[],"class_list":["post-25261","post","type-post","status-publish","format-standard","has-post-thumbnail","hentry","category-culturales"],"_links":{"self":[{"href":"https:\/\/sertv.gob.pa\/crisolfm\/wp-json\/wp\/v2\/posts\/25261","targetHints":{"allow":["GET"]}}],"collection":[{"href":"https:\/\/sertv.gob.pa\/crisolfm\/wp-json\/wp\/v2\/posts"}],"about":[{"href":"https:\/\/sertv.gob.pa\/crisolfm\/wp-json\/wp\/v2\/types\/post"}],"author":[{"embeddable":true,"href":"https:\/\/sertv.gob.pa\/crisolfm\/wp-json\/wp\/v2\/users\/64"}],"replies":[{"embeddable":true,"href":"https:\/\/sertv.gob.pa\/crisolfm\/wp-json\/wp\/v2\/comments?post=25261"}],"version-history":[{"count":1,"href":"https:\/\/sertv.gob.pa\/crisolfm\/wp-json\/wp\/v2\/posts\/25261\/revisions"}],"predecessor-version":[{"id":25263,"href":"https:\/\/sertv.gob.pa\/crisolfm\/wp-json\/wp\/v2\/posts\/25261\/revisions\/25263"}],"wp:featuredmedia":[{"embeddable":true,"href":"https:\/\/sertv.gob.pa\/crisolfm\/wp-json\/wp\/v2\/media\/25262"}],"wp:attachment":[{"href":"https:\/\/sertv.gob.pa\/crisolfm\/wp-json\/wp\/v2\/media?parent=25261"}],"wp:term":[{"taxonomy":"category","embeddable":true,"href":"https:\/\/sertv.gob.pa\/crisolfm\/wp-json\/wp\/v2\/categories?post=25261"},{"taxonomy":"post_tag","embeddable":true,"href":"https:\/\/sertv.gob.pa\/crisolfm\/wp-json\/wp\/v2\/tags?post=25261"}],"curies":[{"name":"wp","href":"https:\/\/api.w.org\/{rel}","templated":true}]}}