{"id":25264,"date":"2019-12-30T13:29:07","date_gmt":"2019-12-30T13:29:07","guid":{"rendered":"https:\/\/sertv.gob.pa\/crisolfm\/?p=25264"},"modified":"2019-12-30T13:29:07","modified_gmt":"2019-12-30T13:29:07","slug":"avistan-orcas-por-primera-vez-en-el-estrecho-de-mesina","status":"publish","type":"post","link":"https:\/\/sertv.gob.pa\/crisolfm\/avistan-orcas-por-primera-vez-en-el-estrecho-de-mesina\/","title":{"rendered":"Avistan orcas por primera vez en el estrecho de Mesina"},"content":{"rendered":"<p>Un grupo de tres orcas, mam\u00edferos marinos en peligro de extinci\u00f3n, fue avistado en el estrecho de Mesina, lo que constituye una primicia en este brazo de mar entre la pen\u00ednsula italiana y Sicilia, anunci\u00f3 la asociaci\u00f3n Marecamp este domingo en Facebook.<\/p>\n<p>Los animales ser\u00edan los mismos que pudieron verse hace varios d\u00edas frente al puerto de G\u00e9nova (noroeste) y \u201cque habr\u00edan recorrido 800 kil\u00f3metros en una semana\u201d, explic\u00f3 a la<strong> AFP<\/strong> Clara Monaco, bi\u00f3loga marina de Marecamp.<\/p>\n<p>El viernes fueron avistadas por Simone Vartuli, un pescador deportivo de 25 a\u00f1os que pudo acercarse a ellas mientras navegaba en su barca por el estrecho.<\/p>\n<p>\u201cAl principio tuve miedo, porque son animales enormes, pero me qued\u00e9 cerca de una hora con ellas y acab\u00e9 por estar muy cerca, a aproximadamente un metro\u201d, se\u00f1al\u00f3 a la <strong>AFP.<\/strong><\/p>\n<p>\u00abNo se sabe si bajaron hacia Sicilia para encontrar alimento o para viajar hacia el estrecho de Gibraltar y despu\u00e9s al oc\u00e9ano e Islandia\u00bb, indic\u00f3 Clara Monaco.<\/p>\n<p>Seg\u00fan la bi\u00f3loga, el hecho de que se encuentren en el estrecho supone un problema debido al intenso tr\u00e1fico marino en esa zona, por el riesgo de colisi\u00f3n con las embarcaciones. Asimismo, se\u00f1al\u00f3 que era importante no acercarse demasiado a estos mam\u00edferos porque est\u00e1n \u00abmuy estresados\u00bb. \u00abSi alguien las ve, debe avisar inmediatamente a los guardacostas, ya que necesitamos recopilar informaci\u00f3n cient\u00edfica\u00bb sobre ellas, explic\u00f3.<\/p>\n<p>AFP<\/p>\n","protected":false},"excerpt":{"rendered":"<p>Un grupo de tres orcas, mam\u00edferos marinos en peligro de <a href=\"https:\/\/sertv.gob.pa\/crisolfm\/avistan-orcas-por-primera-vez-en-el-estrecho-de-mesina\/\"> [&#8230;]<\/a><\/p>\n","protected":false},"author":64,"featured_media":25265,"comment_status":"closed","ping_status":"closed","sticky":false,"template":"","format":"standard","meta":{"footnotes":""},"categories":[7],"tags":[],"class_list":["post-25264","post","type-post","status-publish","format-standard","has-post-thumbnail","hentry","category-ecologicas"],"_links":{"self":[{"href":"https:\/\/sertv.gob.pa\/crisolfm\/wp-json\/wp\/v2\/posts\/25264","targetHints":{"allow":["GET"]}}],"collection":[{"href":"https:\/\/sertv.gob.pa\/crisolfm\/wp-json\/wp\/v2\/posts"}],"about":[{"href":"https:\/\/sertv.gob.pa\/crisolfm\/wp-json\/wp\/v2\/types\/post"}],"author":[{"embeddable":true,"href":"https:\/\/sertv.gob.pa\/crisolfm\/wp-json\/wp\/v2\/users\/64"}],"replies":[{"embeddable":true,"href":"https:\/\/sertv.gob.pa\/crisolfm\/wp-json\/wp\/v2\/comments?post=25264"}],"version-history":[{"count":1,"href":"https:\/\/sertv.gob.pa\/crisolfm\/wp-json\/wp\/v2\/posts\/25264\/revisions"}],"predecessor-version":[{"id":25266,"href":"https:\/\/sertv.gob.pa\/crisolfm\/wp-json\/wp\/v2\/posts\/25264\/revisions\/25266"}],"wp:featuredmedia":[{"embeddable":true,"href":"https:\/\/sertv.gob.pa\/crisolfm\/wp-json\/wp\/v2\/media\/25265"}],"wp:attachment":[{"href":"https:\/\/sertv.gob.pa\/crisolfm\/wp-json\/wp\/v2\/media?parent=25264"}],"wp:term":[{"taxonomy":"category","embeddable":true,"href":"https:\/\/sertv.gob.pa\/crisolfm\/wp-json\/wp\/v2\/categories?post=25264"},{"taxonomy":"post_tag","embeddable":true,"href":"https:\/\/sertv.gob.pa\/crisolfm\/wp-json\/wp\/v2\/tags?post=25264"}],"curies":[{"name":"wp","href":"https:\/\/api.w.org\/{rel}","templated":true}]}}