{"id":25267,"date":"2019-12-30T13:36:02","date_gmt":"2019-12-30T13:36:02","guid":{"rendered":"https:\/\/sertv.gob.pa\/crisolfm\/?p=25267"},"modified":"2019-12-30T13:36:02","modified_gmt":"2019-12-30T13:36:02","slug":"oficinas-del-ministerio-de-cultura-estaran-ubicadas-en-via-espana","status":"publish","type":"post","link":"https:\/\/sertv.gob.pa\/crisolfm\/oficinas-del-ministerio-de-cultura-estaran-ubicadas-en-via-espana\/","title":{"rendered":"Oficinas del Ministerio de Cultura estar\u00e1n ubicadas en V\u00eda Espa\u00f1a"},"content":{"rendered":"<p>A trav\u00e9s del mecanismo de contrataci\u00f3n directa, publicado en Panam\u00e1 Compra, el reci\u00e9n creado <a href=\"https:\/\/www.prensa.com\/tema\/ministerio-de-cultura\/\" target=\"_blank\" rel=\"noopener\">Ministerio de Cultura<\/a> alquilar\u00e1 6 niveles del edificio <strong>PH Tula Business Center<\/strong>, ubicado diagonal a la estaci\u00f3n del Metro, entre la V\u00eda Espa\u00f1a y V\u00eda Argentina. El contrato de alquiler asciende a $3.8 millones por un periodo de 4 a\u00f1os y 3 meses, seg\u00fan el contrato. El tama\u00f1o del espacio arrendado es de 4 mil 593 metros cuadrados y el costo por metro cuadrado es de 16 d\u00f3lares para cinco niveles, y de 13 d\u00f3lares por metro cuadrado para el nivel restante.<\/p>\n<p>El gasto mensual suma $76 mil 047 o $912 mil 564 anuales, incluyendo el 7% del impuesto de transferencia de bienes muebles y servicios (Itbms). Adicional, se establece un costo de mantenimiento por $68 mil 902 anuales o $292 mil 834 durante los 51 meses de vigencia del contrato.<\/p>\n<p>El edificio es propiedad de Inmobiliaria Don Antonio, S.A. cuyo representante legal es Juan Pablo Dur\u00e1n Soto. En el informe t\u00e9cnico, que lleva la firma del ministro de Cultura,<a href=\"https:\/\/www.prensa.com\/tema\/carlos-aguilar\/\" target=\"_blank\" rel=\"noopener\"> Carlos Aguilar<\/a>, se se\u00f1ala que se busca ofrecer una ubicaci\u00f3n funcional, segura, confortable y accesible, tanto para los colaboradores del Ministerio como para las organizaciones y visitantes, relacionados con las actividades propias del \u00e1mbito cultural.<\/p>\n<p>El Ministerio de Cultura indica que los espacios heredados del Instituto Nacional de Cultura no tienen capacidad para albergar a m\u00e1s colaboradores de los ya existentes y aquellos que se adhieren al Ministerio como consecuencia de las \u00e1reas existentes en otras instituciones de gobierno. Afirma que actualmente hay una gran cantidad de alquileres que hacen m\u00e1s oneroso el funcionamiento y las operaciones del Ministerio.<\/p>\n<p>&nbsp;<\/p>\n","protected":false},"excerpt":{"rendered":"<p>A trav\u00e9s del mecanismo de contrataci\u00f3n directa, publicado en Panam\u00e1 <a href=\"https:\/\/sertv.gob.pa\/crisolfm\/oficinas-del-ministerio-de-cultura-estaran-ubicadas-en-via-espana\/\"> [&#8230;]<\/a><\/p>\n","protected":false},"author":64,"featured_media":25268,"comment_status":"closed","ping_status":"closed","sticky":false,"template":"","format":"standard","meta":{"footnotes":""},"categories":[6],"tags":[],"class_list":["post-25267","post","type-post","status-publish","format-standard","has-post-thumbnail","hentry","category-culturales"],"_links":{"self":[{"href":"https:\/\/sertv.gob.pa\/crisolfm\/wp-json\/wp\/v2\/posts\/25267","targetHints":{"allow":["GET"]}}],"collection":[{"href":"https:\/\/sertv.gob.pa\/crisolfm\/wp-json\/wp\/v2\/posts"}],"about":[{"href":"https:\/\/sertv.gob.pa\/crisolfm\/wp-json\/wp\/v2\/types\/post"}],"author":[{"embeddable":true,"href":"https:\/\/sertv.gob.pa\/crisolfm\/wp-json\/wp\/v2\/users\/64"}],"replies":[{"embeddable":true,"href":"https:\/\/sertv.gob.pa\/crisolfm\/wp-json\/wp\/v2\/comments?post=25267"}],"version-history":[{"count":1,"href":"https:\/\/sertv.gob.pa\/crisolfm\/wp-json\/wp\/v2\/posts\/25267\/revisions"}],"predecessor-version":[{"id":25269,"href":"https:\/\/sertv.gob.pa\/crisolfm\/wp-json\/wp\/v2\/posts\/25267\/revisions\/25269"}],"wp:featuredmedia":[{"embeddable":true,"href":"https:\/\/sertv.gob.pa\/crisolfm\/wp-json\/wp\/v2\/media\/25268"}],"wp:attachment":[{"href":"https:\/\/sertv.gob.pa\/crisolfm\/wp-json\/wp\/v2\/media?parent=25267"}],"wp:term":[{"taxonomy":"category","embeddable":true,"href":"https:\/\/sertv.gob.pa\/crisolfm\/wp-json\/wp\/v2\/categories?post=25267"},{"taxonomy":"post_tag","embeddable":true,"href":"https:\/\/sertv.gob.pa\/crisolfm\/wp-json\/wp\/v2\/tags?post=25267"}],"curies":[{"name":"wp","href":"https:\/\/api.w.org\/{rel}","templated":true}]}}