{"id":25300,"date":"2019-12-30T15:34:22","date_gmt":"2019-12-30T15:34:22","guid":{"rendered":"https:\/\/sertv.gob.pa\/crisolfm\/?p=25300"},"modified":"2019-12-30T15:34:22","modified_gmt":"2019-12-30T15:34:22","slug":"cambio-climatico-amenaza-al-canal-de-panama-a-20-anos-del-traspaso-por-eeuu","status":"publish","type":"post","link":"https:\/\/sertv.gob.pa\/crisolfm\/cambio-climatico-amenaza-al-canal-de-panama-a-20-anos-del-traspaso-por-eeuu\/","title":{"rendered":"Cambio clim\u00e1tico amenaza al Canal de Panam\u00e1 a 20 a\u00f1os del traspaso por EEUU"},"content":{"rendered":"<p>La falta de lluvias, producto del cambio clim\u00e1tico, amenaza las operaciones del Canal de Panam\u00e1, ya comprometidas por la ca\u00edda del comercio, 20 a\u00f1os despu\u00e9s de haber pasado de administraci\u00f3n estadounidense a manos paname\u00f1as.<\/p>\n<p>Al mediod\u00eda del 31 de diciembre de 1999, la expresidenta paname\u00f1a Mireya Moscoso izaba por primera vez la bandera de su pa\u00eds en el edificio de la administraci\u00f3n del Canal, en un ambiente de j\u00fabilo generalizado.<\/p>\n<p>Panam\u00e1 recib\u00eda as\u00ed la v\u00eda interoce\u00e1nica de parte de Estados Unidos, que la inaugur\u00f3 el 15 de agosto de 1914 y la administr\u00f3 por 85 a\u00f1os.<\/p>\n<p>Veinte a\u00f1os despu\u00e9s, el cambio clim\u00e1tico es la principal amenaza que se cierne sobre esta v\u00eda de 80 kil\u00f3metros que une el Oc\u00e9ano Pac\u00edfico y el Mar Caribe, y cuyos principales usuarios son Estados Unidos, China y Jap\u00f3n.<\/p>\n<p>\u00abEl cambio clim\u00e1tico en el Canal de Panam\u00e1 est\u00e1 ampliamente evidenciado\u00bb, dijo el administrador de la ruta, Ricaurte V\u00e1squez, un economista.<\/p>\n<p>Las alarmas se encendieron porque el pa\u00eds enfrenta m\u00ednimos hist\u00f3ricos de precipitaciones. Eso ha generado \u00abun d\u00e9ficit importante de agua\u00bb en los lagos de la cuenca hidrogr\u00e1fica que abastecen la ruta.<\/p>\n<p>\u00abEl reto que tiene el Canal de Panam\u00e1 ahora mismo es c\u00f3mo resolver la demanda de agua para los pr\u00f3ximos 50 a\u00f1os\u00bb, afirm\u00f3 V\u00e1squez.<\/p>\n<p>&nbsp;<\/p>\n<p>AFP<\/p>\n","protected":false},"excerpt":{"rendered":"<p>La falta de lluvias, producto del cambio clim\u00e1tico, amenaza las <a href=\"https:\/\/sertv.gob.pa\/crisolfm\/cambio-climatico-amenaza-al-canal-de-panama-a-20-anos-del-traspaso-por-eeuu\/\"> [&#8230;]<\/a><\/p>\n","protected":false},"author":64,"featured_media":25302,"comment_status":"closed","ping_status":"closed","sticky":false,"template":"","format":"standard","meta":{"footnotes":""},"categories":[7],"tags":[],"class_list":["post-25300","post","type-post","status-publish","format-standard","has-post-thumbnail","hentry","category-ecologicas"],"_links":{"self":[{"href":"https:\/\/sertv.gob.pa\/crisolfm\/wp-json\/wp\/v2\/posts\/25300","targetHints":{"allow":["GET"]}}],"collection":[{"href":"https:\/\/sertv.gob.pa\/crisolfm\/wp-json\/wp\/v2\/posts"}],"about":[{"href":"https:\/\/sertv.gob.pa\/crisolfm\/wp-json\/wp\/v2\/types\/post"}],"author":[{"embeddable":true,"href":"https:\/\/sertv.gob.pa\/crisolfm\/wp-json\/wp\/v2\/users\/64"}],"replies":[{"embeddable":true,"href":"https:\/\/sertv.gob.pa\/crisolfm\/wp-json\/wp\/v2\/comments?post=25300"}],"version-history":[{"count":1,"href":"https:\/\/sertv.gob.pa\/crisolfm\/wp-json\/wp\/v2\/posts\/25300\/revisions"}],"predecessor-version":[{"id":25303,"href":"https:\/\/sertv.gob.pa\/crisolfm\/wp-json\/wp\/v2\/posts\/25300\/revisions\/25303"}],"wp:featuredmedia":[{"embeddable":true,"href":"https:\/\/sertv.gob.pa\/crisolfm\/wp-json\/wp\/v2\/media\/25302"}],"wp:attachment":[{"href":"https:\/\/sertv.gob.pa\/crisolfm\/wp-json\/wp\/v2\/media?parent=25300"}],"wp:term":[{"taxonomy":"category","embeddable":true,"href":"https:\/\/sertv.gob.pa\/crisolfm\/wp-json\/wp\/v2\/categories?post=25300"},{"taxonomy":"post_tag","embeddable":true,"href":"https:\/\/sertv.gob.pa\/crisolfm\/wp-json\/wp\/v2\/tags?post=25300"}],"curies":[{"name":"wp","href":"https:\/\/api.w.org\/{rel}","templated":true}]}}