{"id":25304,"date":"2019-12-30T18:15:28","date_gmt":"2019-12-30T18:15:28","guid":{"rendered":"https:\/\/sertv.gob.pa\/crisolfm\/?p=25304"},"modified":"2019-12-30T18:15:28","modified_gmt":"2019-12-30T18:15:28","slug":"miambiente-preve-una-mayor-incidencia-de-incendios-de-masas-vegetales-por-severa-temporada-seca","status":"publish","type":"post","link":"https:\/\/sertv.gob.pa\/crisolfm\/miambiente-preve-una-mayor-incidencia-de-incendios-de-masas-vegetales-por-severa-temporada-seca\/","title":{"rendered":"Miambiente prev\u00e9 una mayor incidencia de incendios de masas vegetales por severa temporada seca"},"content":{"rendered":"<p>Ante los pron\u00f3sticos de una severa temporada seca en 2020 y que se podr\u00eda dar una mayor cantidad de incendios de masas vegetales, el <a href=\"https:\/\/www.prensa.com\/tema\/ministerio-de-ambiente\/\" target=\"_blank\" rel=\"noopener\">Ministerio de Ambiente<\/a> (Miambiente) lanz\u00f3 su campa\u00f1a de prevenci\u00f3n con el prop\u00f3sito de minimizar estos hechos.<\/p>\n<p>La iniciativa fue presentada este lunes, 30 de diciembre, por Miambiente enfocada en que \u201csolo la educaci\u00f3n genera conciencia ambiental\u201d.<\/p>\n<p>Milciades Concepci\u00f3n, titular del Miambiente, resalt\u00f3 que los incendios de masas vegetales constituyen un flagelo latente y real, a los que hay que dedicarles atenci\u00f3n.<\/p>\n<p>\u201cDe acuerdo con los informes de Hidrometeorolog\u00eda de ETESA, durante 2019 se registr\u00f3 un 30% a 40% de menos lluvia en el pa\u00eds, muy por debajo de lo normal, al reducirse los niveles fre\u00e1ticos de los suelos por lo que se espera para el a\u00f1o 2020 una temporada seca severa y por tanto, mayor posibilidad de incendios de masas vegetales\u201d, se precis\u00f3 en la presentaci\u00f3n de la campa\u00f1a.<\/p>\n<p>Se destac\u00f3 que en los lugares con riesgo potencial de incendios es fundamental que se realicen acciones previas para que los da\u00f1os sean menores, en caso de presentarse una situaci\u00f3n de esta clase.<\/p>\n<p>Seg\u00fan los reportes de las autoridades, los incendios forestales en 2019 acabaron con unas 75 mil hect\u00e1reas. Las penas de prisi\u00f3n por quemar masas vegetales van de uno a tres a\u00f1os de prisi\u00f3n. Concepci\u00f3n adelant\u00f3 que en 2020 van a presentar a la Asamblea Nacional un proyecto de ley para aumentar las sanciones a cinco a\u00f1os.<\/p>\n<p>&nbsp;<\/p>\n","protected":false},"excerpt":{"rendered":"<p>Ante los pron\u00f3sticos de una severa temporada seca en 2020 <a href=\"https:\/\/sertv.gob.pa\/crisolfm\/miambiente-preve-una-mayor-incidencia-de-incendios-de-masas-vegetales-por-severa-temporada-seca\/\"> [&#8230;]<\/a><\/p>\n","protected":false},"author":64,"featured_media":25305,"comment_status":"closed","ping_status":"closed","sticky":false,"template":"","format":"standard","meta":{"footnotes":""},"categories":[7],"tags":[],"class_list":["post-25304","post","type-post","status-publish","format-standard","has-post-thumbnail","hentry","category-ecologicas"],"_links":{"self":[{"href":"https:\/\/sertv.gob.pa\/crisolfm\/wp-json\/wp\/v2\/posts\/25304","targetHints":{"allow":["GET"]}}],"collection":[{"href":"https:\/\/sertv.gob.pa\/crisolfm\/wp-json\/wp\/v2\/posts"}],"about":[{"href":"https:\/\/sertv.gob.pa\/crisolfm\/wp-json\/wp\/v2\/types\/post"}],"author":[{"embeddable":true,"href":"https:\/\/sertv.gob.pa\/crisolfm\/wp-json\/wp\/v2\/users\/64"}],"replies":[{"embeddable":true,"href":"https:\/\/sertv.gob.pa\/crisolfm\/wp-json\/wp\/v2\/comments?post=25304"}],"version-history":[{"count":1,"href":"https:\/\/sertv.gob.pa\/crisolfm\/wp-json\/wp\/v2\/posts\/25304\/revisions"}],"predecessor-version":[{"id":25306,"href":"https:\/\/sertv.gob.pa\/crisolfm\/wp-json\/wp\/v2\/posts\/25304\/revisions\/25306"}],"wp:featuredmedia":[{"embeddable":true,"href":"https:\/\/sertv.gob.pa\/crisolfm\/wp-json\/wp\/v2\/media\/25305"}],"wp:attachment":[{"href":"https:\/\/sertv.gob.pa\/crisolfm\/wp-json\/wp\/v2\/media?parent=25304"}],"wp:term":[{"taxonomy":"category","embeddable":true,"href":"https:\/\/sertv.gob.pa\/crisolfm\/wp-json\/wp\/v2\/categories?post=25304"},{"taxonomy":"post_tag","embeddable":true,"href":"https:\/\/sertv.gob.pa\/crisolfm\/wp-json\/wp\/v2\/tags?post=25304"}],"curies":[{"name":"wp","href":"https:\/\/api.w.org\/{rel}","templated":true}]}}