{"id":25312,"date":"2020-01-02T13:31:17","date_gmt":"2020-01-02T13:31:17","guid":{"rendered":"https:\/\/sertv.gob.pa\/crisolfm\/?p=25312"},"modified":"2020-01-02T13:31:17","modified_gmt":"2020-01-02T13:31:17","slug":"palaos-prohibe-las-cremas-solares-para-proteger-corales","status":"publish","type":"post","link":"https:\/\/sertv.gob.pa\/crisolfm\/palaos-prohibe-las-cremas-solares-para-proteger-corales\/","title":{"rendered":"Palaos proh\u00edbe las cremas solares para proteger corales"},"content":{"rendered":"<p>Las cremas solares, t\u00f3xicas para el medio ambiente, est\u00e1n prohibidas desde ayer en Palaos, un archipi\u00e9lago del Pac\u00edfico, para proteger a los corales y a uno de los principales santuarios marinos del mundo. \u201cDebemos vivir y respetar el medio ambiente porque es la cuna de la vida, y sin \u00e9l, nadie en Palaos puede sobrevivir\u201d, dijo el presidente de Palaos, <strong>Tommy Remengesau<\/strong>.<\/p>\n<p>Palaos, ubicado en el Pac\u00edfico, m\u00e1s o menos entre Australia y Jap\u00f3n, es conocido por la riqueza de la vida marina y considerado uno de los destinos m\u00e1s bellos para el buceo. Sin embargo, el gobierno del archipi\u00e9lago est\u00e1 preocupado por las consecuencias negativas del entusiasmo que sus cientos de islas despiertan entre los turistas.<\/p>\n<p>Los estudios cient\u00edficos han establecido claramente, seg\u00fan Remengesau, que los componentes qu\u00edmicos de la mayor parte de las cremas solares son t\u00f3xicos para los corales, incluso en peque\u00f1as dosis. La concentraci\u00f3n de turistas en el archipi\u00e9lago y, por lo tanto, de protector solar podr\u00eda da\u00f1ar para siempre estos corales.<\/p>\n<p>Como consecuencia est\u00e1 prohibido importar y vender cualquier protector solar que contenga este tipo de producto t\u00f3xico, so pena de confiscaci\u00f3n y de una multa de mil d\u00f3lares.<\/p>\n<p>AFP<\/p>\n","protected":false},"excerpt":{"rendered":"<p>Las cremas solares, t\u00f3xicas para el medio ambiente, est\u00e1n prohibidas <a href=\"https:\/\/sertv.gob.pa\/crisolfm\/palaos-prohibe-las-cremas-solares-para-proteger-corales\/\"> [&#8230;]<\/a><\/p>\n","protected":false},"author":64,"featured_media":25313,"comment_status":"closed","ping_status":"closed","sticky":false,"template":"","format":"standard","meta":{"footnotes":""},"categories":[7],"tags":[],"class_list":["post-25312","post","type-post","status-publish","format-standard","has-post-thumbnail","hentry","category-ecologicas"],"_links":{"self":[{"href":"https:\/\/sertv.gob.pa\/crisolfm\/wp-json\/wp\/v2\/posts\/25312","targetHints":{"allow":["GET"]}}],"collection":[{"href":"https:\/\/sertv.gob.pa\/crisolfm\/wp-json\/wp\/v2\/posts"}],"about":[{"href":"https:\/\/sertv.gob.pa\/crisolfm\/wp-json\/wp\/v2\/types\/post"}],"author":[{"embeddable":true,"href":"https:\/\/sertv.gob.pa\/crisolfm\/wp-json\/wp\/v2\/users\/64"}],"replies":[{"embeddable":true,"href":"https:\/\/sertv.gob.pa\/crisolfm\/wp-json\/wp\/v2\/comments?post=25312"}],"version-history":[{"count":1,"href":"https:\/\/sertv.gob.pa\/crisolfm\/wp-json\/wp\/v2\/posts\/25312\/revisions"}],"predecessor-version":[{"id":25314,"href":"https:\/\/sertv.gob.pa\/crisolfm\/wp-json\/wp\/v2\/posts\/25312\/revisions\/25314"}],"wp:featuredmedia":[{"embeddable":true,"href":"https:\/\/sertv.gob.pa\/crisolfm\/wp-json\/wp\/v2\/media\/25313"}],"wp:attachment":[{"href":"https:\/\/sertv.gob.pa\/crisolfm\/wp-json\/wp\/v2\/media?parent=25312"}],"wp:term":[{"taxonomy":"category","embeddable":true,"href":"https:\/\/sertv.gob.pa\/crisolfm\/wp-json\/wp\/v2\/categories?post=25312"},{"taxonomy":"post_tag","embeddable":true,"href":"https:\/\/sertv.gob.pa\/crisolfm\/wp-json\/wp\/v2\/tags?post=25312"}],"curies":[{"name":"wp","href":"https:\/\/api.w.org\/{rel}","templated":true}]}}