{"id":25324,"date":"2020-01-02T14:15:19","date_gmt":"2020-01-02T14:15:19","guid":{"rendered":"https:\/\/sertv.gob.pa\/crisolfm\/?p=25324"},"modified":"2020-01-02T14:15:19","modified_gmt":"2020-01-02T14:15:19","slug":"libros-de-easton-ellis-borges-vargas-y-toni-morrison-novedades-en-2020","status":"publish","type":"post","link":"https:\/\/sertv.gob.pa\/crisolfm\/libros-de-easton-ellis-borges-vargas-y-toni-morrison-novedades-en-2020\/","title":{"rendered":"Libros de Easton Ellis, Borges, Vargas y Toni Morrison, novedades en 2020"},"content":{"rendered":"<p>Libros de Bret Easton Ellis, Claudio Magris, Toni Morrison y Fred Vargas ser\u00e1n protagonistas de las novedades de no ficci\u00f3n en 2020, cuando aparecer\u00e1 tambi\u00e9n un volumen centrado en un curso literario impartido por Jorge Luis Borges en 1966 y diversos ensayos sobre los riesgos medioambientales.<\/p>\n<p>Bret Easton Ellis escribe en \u00abBlanco\u00bb (Literatura Random House), primer libro en nueve a\u00f1os del autor de \u00abAmerican Psycho\u00bb, una suerte de memorias literarias trufadas de reflexiones sobre la cultura popular y la sociedad de nuestro tiempo; y Arpa recopila en \u00abPo\u00e9tica\u00bb toda la obra en prosa del Premio Cervantes Joan Margarit.<\/p>\n<p>En el \u00e1mbito memorial\u00edstico aparecer\u00e1n tambi\u00e9n \u00abInside out\u00bb (Roca), memorias de la actriz Demi Moore; \u00abCuadernos (1957-1972)\u00bb, de Emil Cioran, por primera vez sus diarios \u00edntegros en espa\u00f1ol; \u00abMemorias heterodoxas\u00bb (Pen\u00ednsula), del exministro Jos\u00e9 Manuel Garc\u00eda-Margallo; \u00abLa pobreza\u00bb (Galaxia Gutenberg), segunda entrega de las memorias de Antonio Gamoneda; \u00abNace un tejedor de sue\u00f1os\u00bb (Rayo Verde), tercero y \u00faltimo volumen de las memorias de Ngugi wa Thiong&#8217;o.<\/p>\n<p>La preocupaci\u00f3n medioambiental derivada del cambio clim\u00e1tico se deslizar\u00e1 en las p\u00e1ginas de t\u00edtulos como \u00abLa humanidad en peligro\u00bb (Siruela), de Fred Vargas; \u00abCuatro futuros. La vida despu\u00e9s del capitalismo\u00bb (Blackie Books), de Peter Frase; o \u00abT\u00fa puedes salvar el mundo\u00bb (Duomo), de Angela Green y Raquel Trav\u00e9.<\/p>\n<p>En este trimestre se publicar\u00e1n las biograf\u00edas \u00abBol\u00edvar. Libertador de Am\u00e9rica\u00bb (Debate), de Marie Arana; \u00abBeethoven contado a trav\u00e9s de sus contempor\u00e1neos\u00bb (Alianza), edici\u00f3n de O.G. Sonneck; \u00abConvertirse en Beauvoir\u00bb, de Kate Kirkpatrick, basada en cartas y diarios in\u00e9ditos, y \u00abHanna Arendt\u00bb, de Elisabeth Young-Bruehl, una de sus exalumnas (ambas en Paid\u00f3s).<\/p>\n<p>Tambi\u00e9n se publicar\u00e1n \u00abLenin\u00bb (\u00c1tico Historia), de V\u00edctor Sebestyen; \u00abGuti\u00e9rrez Mellado y su tiempo\u00bb (Alianza), de Fernando Puell; \u00abEl desconocido Albert Einstein\u00bb (Tusquets), de Luis Navarro Veguillas; y la primera biograf\u00eda en espa\u00f1ol dedicada al director Fred Zinnemann (C\u00e1tedra), de Christian Aguilera.<\/p>\n<p>EFE<\/p>\n","protected":false},"excerpt":{"rendered":"<p>Libros de Bret Easton Ellis, Claudio Magris, Toni Morrison y <a href=\"https:\/\/sertv.gob.pa\/crisolfm\/libros-de-easton-ellis-borges-vargas-y-toni-morrison-novedades-en-2020\/\"> [&#8230;]<\/a><\/p>\n","protected":false},"author":64,"featured_media":25325,"comment_status":"closed","ping_status":"closed","sticky":false,"template":"","format":"standard","meta":{"footnotes":""},"categories":[6],"tags":[],"class_list":["post-25324","post","type-post","status-publish","format-standard","has-post-thumbnail","hentry","category-culturales"],"_links":{"self":[{"href":"https:\/\/sertv.gob.pa\/crisolfm\/wp-json\/wp\/v2\/posts\/25324","targetHints":{"allow":["GET"]}}],"collection":[{"href":"https:\/\/sertv.gob.pa\/crisolfm\/wp-json\/wp\/v2\/posts"}],"about":[{"href":"https:\/\/sertv.gob.pa\/crisolfm\/wp-json\/wp\/v2\/types\/post"}],"author":[{"embeddable":true,"href":"https:\/\/sertv.gob.pa\/crisolfm\/wp-json\/wp\/v2\/users\/64"}],"replies":[{"embeddable":true,"href":"https:\/\/sertv.gob.pa\/crisolfm\/wp-json\/wp\/v2\/comments?post=25324"}],"version-history":[{"count":1,"href":"https:\/\/sertv.gob.pa\/crisolfm\/wp-json\/wp\/v2\/posts\/25324\/revisions"}],"predecessor-version":[{"id":25326,"href":"https:\/\/sertv.gob.pa\/crisolfm\/wp-json\/wp\/v2\/posts\/25324\/revisions\/25326"}],"wp:featuredmedia":[{"embeddable":true,"href":"https:\/\/sertv.gob.pa\/crisolfm\/wp-json\/wp\/v2\/media\/25325"}],"wp:attachment":[{"href":"https:\/\/sertv.gob.pa\/crisolfm\/wp-json\/wp\/v2\/media?parent=25324"}],"wp:term":[{"taxonomy":"category","embeddable":true,"href":"https:\/\/sertv.gob.pa\/crisolfm\/wp-json\/wp\/v2\/categories?post=25324"},{"taxonomy":"post_tag","embeddable":true,"href":"https:\/\/sertv.gob.pa\/crisolfm\/wp-json\/wp\/v2\/tags?post=25324"}],"curies":[{"name":"wp","href":"https:\/\/api.w.org\/{rel}","templated":true}]}}