{"id":25340,"date":"2020-01-02T15:02:16","date_gmt":"2020-01-02T15:02:16","guid":{"rendered":"https:\/\/sertv.gob.pa\/crisolfm\/?p=25340"},"modified":"2020-01-02T15:02:16","modified_gmt":"2020-01-02T15:02:16","slug":"afganistan-campana-contra-la-contaminacion-en-kabul","status":"publish","type":"post","link":"https:\/\/sertv.gob.pa\/crisolfm\/afganistan-campana-contra-la-contaminacion-en-kabul\/","title":{"rendered":"Afganist\u00e1n, campa\u00f1a contra la contaminaci\u00f3n en Kabul"},"content":{"rendered":"<p>Las autoridades de Kabul han empezado una campa\u00f1a contra los negocios locales que se creen que son los que m\u00e1s contribuyen a la contaminaci\u00f3n del aire que sufre la capital afgana, despu\u00e9s de que haya alcanzado un nivel \u00abpeligroso\u00bb.<\/p>\n<p>Los propietarios de salones de bodas, ba\u00f1os p\u00fablicos y oficinas de gesti\u00f3n de propiedades tambi\u00e9n han recibido la advertencia de no <strong>quemar neum\u00e1ticos y pl\u00e1sticos<\/strong>, algo que se hace con frecuencia para calentar establecimientos, ha explicado Leila Samani, portavoz de la Agencia Nacional para la Protecci\u00f3n del Medio Ambiente, en declaraciones a DPA. Asimismo, ha pedido a los residentes que reduzcan el uso del carb\u00f3n, empleado para calentar las viviendas, y que reparen los coches viejos.<\/p>\n<p>Tres salones de boda y dos oficinas inmobiliarias han sido clausuradas por una delegaci\u00f3n de la Polic\u00eda, el Ayuntamiento y la agencia medioambiental que inici\u00f3 la operaci\u00f3n el domingo por la noche. Otros 28 negocios han sido identificados para su clausura a lo largo de la semana, ha precisado la portavoz.<\/p>\n<p>Muchos residentes atribuyen a la pobreza y a la <strong>falta de electricidad <\/strong>los principales motivos de la contaminaci\u00f3n, que ser\u00e1 imposible resolver sin una electricidad y gas m\u00e1s baratos. Kabul figura como una de las ciudades m\u00e1s contaminadas del mundo.<\/p>\n<p>La contaminaci\u00f3n del aire estacional es una importante causa de enfermedad en la capital afgana, por lo que los ecologistas han lanzado una campa\u00f1a para distribuir mascarillas. Muchas personas, especialmente ni\u00f1os padecen infecciones respiratorias por la contaminaci\u00f3n del aire.<\/p>\n<p>\u00abEl <strong>aire de Kabul es irrespirable<\/strong>\u00ab, ha tuiteado Shaharzad Akbar, la presidenta de la Comisi\u00f3n de Derechos Humanos de Afganist\u00e1n. \u00abMe siendo contantemente agotada y baja de energ\u00edas, mi hijo tose por la noche y no nos atrevemos a salir a pasear\u00bb, ha a\u00f1adido.<\/p>\n<p>ECOticias<\/p>\n","protected":false},"excerpt":{"rendered":"<p>Las autoridades de Kabul han empezado una campa\u00f1a contra los <a href=\"https:\/\/sertv.gob.pa\/crisolfm\/afganistan-campana-contra-la-contaminacion-en-kabul\/\"> [&#8230;]<\/a><\/p>\n","protected":false},"author":64,"featured_media":25341,"comment_status":"closed","ping_status":"closed","sticky":false,"template":"","format":"standard","meta":{"footnotes":""},"categories":[7],"tags":[],"class_list":["post-25340","post","type-post","status-publish","format-standard","has-post-thumbnail","hentry","category-ecologicas"],"_links":{"self":[{"href":"https:\/\/sertv.gob.pa\/crisolfm\/wp-json\/wp\/v2\/posts\/25340","targetHints":{"allow":["GET"]}}],"collection":[{"href":"https:\/\/sertv.gob.pa\/crisolfm\/wp-json\/wp\/v2\/posts"}],"about":[{"href":"https:\/\/sertv.gob.pa\/crisolfm\/wp-json\/wp\/v2\/types\/post"}],"author":[{"embeddable":true,"href":"https:\/\/sertv.gob.pa\/crisolfm\/wp-json\/wp\/v2\/users\/64"}],"replies":[{"embeddable":true,"href":"https:\/\/sertv.gob.pa\/crisolfm\/wp-json\/wp\/v2\/comments?post=25340"}],"version-history":[{"count":1,"href":"https:\/\/sertv.gob.pa\/crisolfm\/wp-json\/wp\/v2\/posts\/25340\/revisions"}],"predecessor-version":[{"id":25342,"href":"https:\/\/sertv.gob.pa\/crisolfm\/wp-json\/wp\/v2\/posts\/25340\/revisions\/25342"}],"wp:featuredmedia":[{"embeddable":true,"href":"https:\/\/sertv.gob.pa\/crisolfm\/wp-json\/wp\/v2\/media\/25341"}],"wp:attachment":[{"href":"https:\/\/sertv.gob.pa\/crisolfm\/wp-json\/wp\/v2\/media?parent=25340"}],"wp:term":[{"taxonomy":"category","embeddable":true,"href":"https:\/\/sertv.gob.pa\/crisolfm\/wp-json\/wp\/v2\/categories?post=25340"},{"taxonomy":"post_tag","embeddable":true,"href":"https:\/\/sertv.gob.pa\/crisolfm\/wp-json\/wp\/v2\/tags?post=25340"}],"curies":[{"name":"wp","href":"https:\/\/api.w.org\/{rel}","templated":true}]}}