{"id":25343,"date":"2020-01-02T15:16:53","date_gmt":"2020-01-02T15:16:53","guid":{"rendered":"https:\/\/sertv.gob.pa\/crisolfm\/?p=25343"},"modified":"2020-01-02T15:16:53","modified_gmt":"2020-01-02T15:16:53","slug":"colombia-recupera-la-fumigacion-con-glifosato","status":"publish","type":"post","link":"https:\/\/sertv.gob.pa\/crisolfm\/colombia-recupera-la-fumigacion-con-glifosato\/","title":{"rendered":"Colombia recupera la fumigaci\u00f3n con glifosato"},"content":{"rendered":"<p>En un proyecto de ley publicado este lunes por el Ministerio de Justicia se contempla la aspersi\u00f3n a\u00e9rea de<strong> cultivos il\u00edcitos<\/strong> mediante esta t\u00e9cnica, que se someter\u00e1 durante 30 d\u00edas a comentarios de los ciudadanos a trav\u00e9s de su portal, seg\u00fan ha informado el diario &#8216;El Espectador&#8217;. Tras ello, el decreto entrar\u00e1 en vigor y ser\u00e1 estudiado por el Consejo Nacional de Estupefacientes para despu\u00e9s poder retomar esta t\u00e9cnica.<\/p>\n<p>\u00abSe da cumplimiento a los requerimientos de la Corte Constitucional en la sentencia T-236 de 2017 y el Auto 387 de julio de 2019, que establecen la obligatoriedad al Gobierno nacional de no reanudar la aspersi\u00f3n a\u00e9rea hasta <strong>proveer una protecci\u00f3n constitucional<\/strong> razonable del derecho a la salud en el marco de la ejecuci\u00f3n de esta actividad\u00bb, ha detallado el propio Ministerio. La nueva norma busca solucionar el riesgo que puede suponer para la salud p\u00fablica el uso del qu\u00edmico, ya que se trata de una t\u00e9cnica que sirve para combatir el narcotr\u00e1fico en Colombia.<\/p>\n<p>En concreto, en la norma se prev\u00e9 que la fumigaci\u00f3n quede a cargo de la Polic\u00eda Nacional, as\u00ed como la creaci\u00f3n de un mecanismo independiente de seguimiento de los riesgos del uso del qu\u00edmico. Tambi\u00e9n, han especificado que se estudiar\u00e1n los efectos del herbicida en las poblaciones expuestas y existir\u00e1 un procedimiento por el que los ciudadanos podr\u00e1n presentar quejas.<\/p>\n<p>El uso de glifosato lleg\u00f3 al Tribunal Constitucional de Colombia en 2018, despu\u00e9s de que los habitantes del municipio de N\u00f3vita denunciaran problemas de salud a causa del<strong> contacto con el herbicida.<\/strong><\/p>\n<p>El Constitucional colombiano indic\u00f3 que la decisi\u00f3n de reanudar la fumigaci\u00f3n con glifosato era del Consejo Nacional de Estupefacientes y de las autoridades del pa\u00eds.<\/p>\n<p>La aspersi\u00f3n de cultivos de coca ha sido de una de las principales medidas que ha impulsado el presidente de Colombia, Iv\u00e1n Duque, para hacer frente al aumento exponencial de estos cultivos en los \u00faltimos a\u00f1os.<\/p>\n<p>ECOticias<\/p>\n","protected":false},"excerpt":{"rendered":"<p>En un proyecto de ley publicado este lunes por el <a href=\"https:\/\/sertv.gob.pa\/crisolfm\/colombia-recupera-la-fumigacion-con-glifosato\/\"> [&#8230;]<\/a><\/p>\n","protected":false},"author":64,"featured_media":25344,"comment_status":"closed","ping_status":"closed","sticky":false,"template":"","format":"standard","meta":{"footnotes":""},"categories":[7],"tags":[],"class_list":["post-25343","post","type-post","status-publish","format-standard","has-post-thumbnail","hentry","category-ecologicas"],"_links":{"self":[{"href":"https:\/\/sertv.gob.pa\/crisolfm\/wp-json\/wp\/v2\/posts\/25343","targetHints":{"allow":["GET"]}}],"collection":[{"href":"https:\/\/sertv.gob.pa\/crisolfm\/wp-json\/wp\/v2\/posts"}],"about":[{"href":"https:\/\/sertv.gob.pa\/crisolfm\/wp-json\/wp\/v2\/types\/post"}],"author":[{"embeddable":true,"href":"https:\/\/sertv.gob.pa\/crisolfm\/wp-json\/wp\/v2\/users\/64"}],"replies":[{"embeddable":true,"href":"https:\/\/sertv.gob.pa\/crisolfm\/wp-json\/wp\/v2\/comments?post=25343"}],"version-history":[{"count":1,"href":"https:\/\/sertv.gob.pa\/crisolfm\/wp-json\/wp\/v2\/posts\/25343\/revisions"}],"predecessor-version":[{"id":25345,"href":"https:\/\/sertv.gob.pa\/crisolfm\/wp-json\/wp\/v2\/posts\/25343\/revisions\/25345"}],"wp:featuredmedia":[{"embeddable":true,"href":"https:\/\/sertv.gob.pa\/crisolfm\/wp-json\/wp\/v2\/media\/25344"}],"wp:attachment":[{"href":"https:\/\/sertv.gob.pa\/crisolfm\/wp-json\/wp\/v2\/media?parent=25343"}],"wp:term":[{"taxonomy":"category","embeddable":true,"href":"https:\/\/sertv.gob.pa\/crisolfm\/wp-json\/wp\/v2\/categories?post=25343"},{"taxonomy":"post_tag","embeddable":true,"href":"https:\/\/sertv.gob.pa\/crisolfm\/wp-json\/wp\/v2\/tags?post=25343"}],"curies":[{"name":"wp","href":"https:\/\/api.w.org\/{rel}","templated":true}]}}