{"id":25359,"date":"2020-01-03T13:44:54","date_gmt":"2020-01-03T13:44:54","guid":{"rendered":"https:\/\/sertv.gob.pa\/crisolfm\/?p=25359"},"modified":"2020-01-03T13:44:54","modified_gmt":"2020-01-03T13:44:54","slug":"panama-jazz-festival-2020","status":"publish","type":"post","link":"https:\/\/sertv.gob.pa\/crisolfm\/panama-jazz-festival-2020\/","title":{"rendered":"Panam\u00e0 Jazz Festival 2020"},"content":{"rendered":"<p>La agenda de talleres art\u00edsticos, conferencias, conversatorios y clases maestras del <a href=\"https:\/\/www.prensa.com\/tema\/panama-jazz-festival\/\" target=\"_blank\" rel=\"noopener\">Panam\u00e1 Jazz Festival 2020<\/a> contar\u00e1 con 112 actividades, repartidas entre el 13 y 17 de enero, superando el promedio de 60 \u00f2 70 encuentros educativos de anteriores ediciones.<\/p>\n<p>El programa formativo para m\u00fasicos de todas las edades se desarrollar\u00e1 en Ciudad del Saber, edificio 184, y en el Centro de Musicoterapia de Panam\u00e1, de forma paralela a los conciertos y presentaciones art\u00edsticas del festival, que llega a su d\u00e9cimo s\u00e9ptima versi\u00f3n.<\/p>\n<p>Cada a\u00f1o, miles de estudiantes de m\u00fasica, cientos de ellos provenientes de Estados Unidos (EU), M\u00e9xico y pa\u00edses del centro y sur de Am\u00e9rica, participan de los espacios de docencia del festival y de las posteriores audiciones en busca de una plaza de estudio en las instituciones extranjeras que se suman a la iniciativa.<\/p>\n<p>El Conservatorio de Par\u00eds (Francia), el New York Jazz Academy (EU), Sienna Jazz Foundation (Italia), Newton South High School (EU), Berklee Global Jazz Institute (EU), New England Conservatory (EU) y The Shea Welsh Institute of Jazz (EU), son algunas de las casas de estudio del arte musical representadas en la semana de aprendizaje del festival.<\/p>\n<p>&nbsp;<\/p>\n","protected":false},"excerpt":{"rendered":"<p>La agenda de talleres art\u00edsticos, conferencias, conversatorios y clases maestras <a href=\"https:\/\/sertv.gob.pa\/crisolfm\/panama-jazz-festival-2020\/\"> [&#8230;]<\/a><\/p>\n","protected":false},"author":64,"featured_media":25360,"comment_status":"closed","ping_status":"closed","sticky":false,"template":"","format":"standard","meta":{"footnotes":""},"categories":[6],"tags":[],"class_list":["post-25359","post","type-post","status-publish","format-standard","has-post-thumbnail","hentry","category-culturales"],"_links":{"self":[{"href":"https:\/\/sertv.gob.pa\/crisolfm\/wp-json\/wp\/v2\/posts\/25359","targetHints":{"allow":["GET"]}}],"collection":[{"href":"https:\/\/sertv.gob.pa\/crisolfm\/wp-json\/wp\/v2\/posts"}],"about":[{"href":"https:\/\/sertv.gob.pa\/crisolfm\/wp-json\/wp\/v2\/types\/post"}],"author":[{"embeddable":true,"href":"https:\/\/sertv.gob.pa\/crisolfm\/wp-json\/wp\/v2\/users\/64"}],"replies":[{"embeddable":true,"href":"https:\/\/sertv.gob.pa\/crisolfm\/wp-json\/wp\/v2\/comments?post=25359"}],"version-history":[{"count":1,"href":"https:\/\/sertv.gob.pa\/crisolfm\/wp-json\/wp\/v2\/posts\/25359\/revisions"}],"predecessor-version":[{"id":25361,"href":"https:\/\/sertv.gob.pa\/crisolfm\/wp-json\/wp\/v2\/posts\/25359\/revisions\/25361"}],"wp:featuredmedia":[{"embeddable":true,"href":"https:\/\/sertv.gob.pa\/crisolfm\/wp-json\/wp\/v2\/media\/25360"}],"wp:attachment":[{"href":"https:\/\/sertv.gob.pa\/crisolfm\/wp-json\/wp\/v2\/media?parent=25359"}],"wp:term":[{"taxonomy":"category","embeddable":true,"href":"https:\/\/sertv.gob.pa\/crisolfm\/wp-json\/wp\/v2\/categories?post=25359"},{"taxonomy":"post_tag","embeddable":true,"href":"https:\/\/sertv.gob.pa\/crisolfm\/wp-json\/wp\/v2\/tags?post=25359"}],"curies":[{"name":"wp","href":"https:\/\/api.w.org\/{rel}","templated":true}]}}