{"id":25380,"date":"2020-01-03T15:04:50","date_gmt":"2020-01-03T15:04:50","guid":{"rendered":"https:\/\/sertv.gob.pa\/crisolfm\/?p=25380"},"modified":"2020-01-03T15:04:50","modified_gmt":"2020-01-03T15:04:50","slug":"madrid-premia-un-video-de-educacion-ambiental-que-fomenta-el-compostaje","status":"publish","type":"post","link":"https:\/\/sertv.gob.pa\/crisolfm\/madrid-premia-un-video-de-educacion-ambiental-que-fomenta-el-compostaje\/","title":{"rendered":"Madrid premia un v\u00eddeo de educaci\u00f3n ambiental que fomenta el compostaje"},"content":{"rendered":"<p>En el mundo rural se ha compostado desde tiempos inmemoriales siguiendo la vieja receta de la abuela, cuando <strong>se separaban los restos org\u00e1nicos<\/strong> para conseguir abono que se utilizaba en el campo.<\/p>\n<p>Ahora, se ha vuelto a aplicar la tecnolog\u00eda biol\u00f3gica para que las mondas de las naranjas o la piel de las patatas que se depositan en el cubo marr\u00f3n vuelvan a ser materia prima \u00fatil.<\/p>\n<p>\u2018Madrid Agrocomposta\u2019\u00a0es un proyecto municipal del departamento de Educaci\u00f3n Ambiental que est\u00e1 impulsando la correcta separaci\u00f3n de la materia org\u00e1nica para obtener un <strong>compost de calidad <\/strong>y su utilizaci\u00f3n como abono en huertos agroecol\u00f3gicos de Madrid.<\/p>\n<p>Una de las herramientas m\u00e1s utilizadas para educar en colegios y asociaciones es la realizaci\u00f3n de v\u00eddeos divulgativos. Y este trabajo se ha visto recompensado con el galard\u00f3n concedido por \u201cComposta en Red\u201d en el marco del IX Seminario sobre Compostaje Dom\u00e9stico y Comunitario celebrado en Valladolid.<\/p>\n<p>\u2018Composta en Red\u2019 es la asociaci\u00f3n de entidades locales que apuestan por el agrocompostaje y el premio se ha concedido en la categor\u00eda \u201cDid\u00e1ctico-Informativa Videocomposta\u201d.<\/p>\n<p>Alfredo Morilla, uno de los t\u00e9cnicos que han participado en el\u00a0v\u00eddeo galardonado\u00a0coment\u00f3 que \u201clos h\u00e1bitos antiguos los estamos recuperando mediante nuevas t\u00e9cnicas\u00bb.<\/p>\n<p>\u00abEl bioresiduo que nos llega se mezcla con materia vegetal (hongos, bacterias o actinomicetos) y tras un proceso de varias fases que incluyen un calentamiento de 70 grados <strong>se descompone la materia org\u00e1nica<\/strong> que crea una estructura seis u 12 meses y el restulado es el compost\u201d.<\/p>\n<p>&nbsp;<\/p>\n<p>ECOticias<\/p>\n","protected":false},"excerpt":{"rendered":"<p>En el mundo rural se ha compostado desde tiempos inmemoriales <a href=\"https:\/\/sertv.gob.pa\/crisolfm\/madrid-premia-un-video-de-educacion-ambiental-que-fomenta-el-compostaje\/\"> [&#8230;]<\/a><\/p>\n","protected":false},"author":64,"featured_media":25381,"comment_status":"closed","ping_status":"closed","sticky":false,"template":"","format":"standard","meta":{"footnotes":""},"categories":[7],"tags":[],"class_list":["post-25380","post","type-post","status-publish","format-standard","has-post-thumbnail","hentry","category-ecologicas"],"_links":{"self":[{"href":"https:\/\/sertv.gob.pa\/crisolfm\/wp-json\/wp\/v2\/posts\/25380","targetHints":{"allow":["GET"]}}],"collection":[{"href":"https:\/\/sertv.gob.pa\/crisolfm\/wp-json\/wp\/v2\/posts"}],"about":[{"href":"https:\/\/sertv.gob.pa\/crisolfm\/wp-json\/wp\/v2\/types\/post"}],"author":[{"embeddable":true,"href":"https:\/\/sertv.gob.pa\/crisolfm\/wp-json\/wp\/v2\/users\/64"}],"replies":[{"embeddable":true,"href":"https:\/\/sertv.gob.pa\/crisolfm\/wp-json\/wp\/v2\/comments?post=25380"}],"version-history":[{"count":1,"href":"https:\/\/sertv.gob.pa\/crisolfm\/wp-json\/wp\/v2\/posts\/25380\/revisions"}],"predecessor-version":[{"id":25382,"href":"https:\/\/sertv.gob.pa\/crisolfm\/wp-json\/wp\/v2\/posts\/25380\/revisions\/25382"}],"wp:featuredmedia":[{"embeddable":true,"href":"https:\/\/sertv.gob.pa\/crisolfm\/wp-json\/wp\/v2\/media\/25381"}],"wp:attachment":[{"href":"https:\/\/sertv.gob.pa\/crisolfm\/wp-json\/wp\/v2\/media?parent=25380"}],"wp:term":[{"taxonomy":"category","embeddable":true,"href":"https:\/\/sertv.gob.pa\/crisolfm\/wp-json\/wp\/v2\/categories?post=25380"},{"taxonomy":"post_tag","embeddable":true,"href":"https:\/\/sertv.gob.pa\/crisolfm\/wp-json\/wp\/v2\/tags?post=25380"}],"curies":[{"name":"wp","href":"https:\/\/api.w.org\/{rel}","templated":true}]}}