{"id":25383,"date":"2020-01-03T15:10:52","date_gmt":"2020-01-03T15:10:52","guid":{"rendered":"https:\/\/sertv.gob.pa\/crisolfm\/?p=25383"},"modified":"2020-01-03T15:10:52","modified_gmt":"2020-01-03T15:10:52","slug":"las-ong-ambientales-exigen-medidas-contundentes","status":"publish","type":"post","link":"https:\/\/sertv.gob.pa\/crisolfm\/las-ong-ambientales-exigen-medidas-contundentes\/","title":{"rendered":"Las ONG ambientales exigen medidas \u2018contundentes\u2019"},"content":{"rendered":"<p>As\u00ed, la portavoz de Amigos de la Tierra, Blanca Ruibal, ha destacado que a 2020 le pide<strong> leyes \u00abambiciosas\u00bb<\/strong> tras la declaraci\u00f3n de la emergencia clim\u00e1tica aunque desconf\u00eda de que se logren avances claros \u00abcon 52 diputados negacionistas\u00bb en el Parlamento.<\/p>\n<p>\u00abEmpezamos el a\u00f1o sin Gobierno, esperamos que lo haya y que el nuevo ejecutivo acometa un cambio en las negociaciones de la Pol\u00edtica Agr\u00edcola Com\u00fan, dada la importancia de cambiar el modelo agroindustrial contaminante para reducir emisiones y tener un medio rural vivo\u00bb, ha deseado.<\/p>\n<p>En la misma l\u00ednea, la directora de campa\u00f1as de Greenpeace, Mar\u00eda Jos\u00e9 Caballero, se ha expresado y pide \u00abacci\u00f3n de verdad\u00bb y que no solo se hagan declaraciones simb\u00f3licas de emergencia clim\u00e1tica, sino una \u00abverdadera<strong> transici\u00f3n ecol\u00f3gica<\/strong> de la econom\u00eda sin olvidar a las personas\u00bb. Para ella, lo mejor que puede pasar en 2020 es la aprobaci\u00f3n de un Tratado de los Oc\u00e9anos que proteja el 30 por ciento de los oc\u00e9anos, prestar m\u00e1s atenci\u00f3n a la p\u00e9rdida de biodiversidad y elevar la ambici\u00f3n clim\u00e1tica.<\/p>\n<p>Asimismo, a nivel nacional, pide en 2020 transponer las directivas europeas; unos presupuestos generales coherentes con la emergencia clim\u00e1tica, la aprobaci\u00f3n de la Ley de Cambio Clim\u00e1tico y Transici\u00f3n Energ\u00e9tica y la derogaci\u00f3n de la &#8216;Ley Mordaza&#8217;.<\/p>\n<p>Por su parte, la directora ejectuiva de SEO\/BirdLife, Asunci\u00f3n Ruiz, ha opinado en declaraciones a Europa Press que \u00abcomo ecologista constitucionalista\u00bb quiere que en 2020 la m\u00e1xima sea cumplir \u00absin rodeos el art\u00edculo 45 de la Carta Magna\u00bb.<\/p>\n<p>\u00abEse es mi m\u00e1ximo deseo y el derecho de todos, gobierne quien gobierne\u00bb, ha declarado Ruiz.<\/p>\n<p>ECOticias<\/p>\n","protected":false},"excerpt":{"rendered":"<p>As\u00ed, la portavoz de Amigos de la Tierra, Blanca Ruibal, <a href=\"https:\/\/sertv.gob.pa\/crisolfm\/las-ong-ambientales-exigen-medidas-contundentes\/\"> [&#8230;]<\/a><\/p>\n","protected":false},"author":64,"featured_media":25384,"comment_status":"closed","ping_status":"closed","sticky":false,"template":"","format":"standard","meta":{"footnotes":""},"categories":[7],"tags":[],"class_list":["post-25383","post","type-post","status-publish","format-standard","has-post-thumbnail","hentry","category-ecologicas"],"_links":{"self":[{"href":"https:\/\/sertv.gob.pa\/crisolfm\/wp-json\/wp\/v2\/posts\/25383","targetHints":{"allow":["GET"]}}],"collection":[{"href":"https:\/\/sertv.gob.pa\/crisolfm\/wp-json\/wp\/v2\/posts"}],"about":[{"href":"https:\/\/sertv.gob.pa\/crisolfm\/wp-json\/wp\/v2\/types\/post"}],"author":[{"embeddable":true,"href":"https:\/\/sertv.gob.pa\/crisolfm\/wp-json\/wp\/v2\/users\/64"}],"replies":[{"embeddable":true,"href":"https:\/\/sertv.gob.pa\/crisolfm\/wp-json\/wp\/v2\/comments?post=25383"}],"version-history":[{"count":1,"href":"https:\/\/sertv.gob.pa\/crisolfm\/wp-json\/wp\/v2\/posts\/25383\/revisions"}],"predecessor-version":[{"id":25385,"href":"https:\/\/sertv.gob.pa\/crisolfm\/wp-json\/wp\/v2\/posts\/25383\/revisions\/25385"}],"wp:featuredmedia":[{"embeddable":true,"href":"https:\/\/sertv.gob.pa\/crisolfm\/wp-json\/wp\/v2\/media\/25384"}],"wp:attachment":[{"href":"https:\/\/sertv.gob.pa\/crisolfm\/wp-json\/wp\/v2\/media?parent=25383"}],"wp:term":[{"taxonomy":"category","embeddable":true,"href":"https:\/\/sertv.gob.pa\/crisolfm\/wp-json\/wp\/v2\/categories?post=25383"},{"taxonomy":"post_tag","embeddable":true,"href":"https:\/\/sertv.gob.pa\/crisolfm\/wp-json\/wp\/v2\/tags?post=25383"}],"curies":[{"name":"wp","href":"https:\/\/api.w.org\/{rel}","templated":true}]}}