{"id":25406,"date":"2020-01-06T13:42:36","date_gmt":"2020-01-06T13:42:36","guid":{"rendered":"https:\/\/sertv.gob.pa\/crisolfm\/?p=25406"},"modified":"2020-01-06T13:42:36","modified_gmt":"2020-01-06T13:42:36","slug":"notre-dame-de-paris-espera-decision-sobre-tejado-y-aguja","status":"publish","type":"post","link":"https:\/\/sertv.gob.pa\/crisolfm\/notre-dame-de-paris-espera-decision-sobre-tejado-y-aguja\/","title":{"rendered":"Notre Dame de Par\u00eds espera decisi\u00f3n sobre tejado y aguja"},"content":{"rendered":"<p>La <a href=\"https:\/\/www.prensa.com\/tema\/notre-dame\/\" target=\"_blank\" rel=\"noopener\">catedral de Notre Dame de Par\u00eds<\/a>, que sufri\u00f3 un espectacular incendio en abril de 2019, a\u00fan est\u00e1 en peligro y todav\u00eda se debe establecer una decisi\u00f3n sobre la reconstrucci\u00f3n del tejado y de la aguja, indic\u00f3 ayer el general Jean-Louis Georgelin, encargado de dirigir la restauraci\u00f3n del templo. \u201cNotre Dame no est\u00e1 salvada [&#8230;] a\u00fan est\u00e1 en peligro\u201d, record\u00f3 el general durante una entrevista con varios medios franceses, confirmando sus declaraciones de noviembre.<\/p>\n<p>\u201cEn las pr\u00f3ximas semanas definiremos el proceso preciso que se hab\u00eda anunciado, que permitir\u00e1 realizar la consulta sobre la aguja\u201d, indic\u00f3 Georglin.<\/p>\n<p>\u201cPara reconstruir la aguja, primero tiene que estar hecho el tejado\u201d, indic\u00f3. Para elegir el material del tejado \u201chabr\u00e1 un estudio, un examen de todas las opciones posibles\u201d, agreg\u00f3, y desminti\u00f3 informaciones de la prensa seg\u00fan las cuales se decret\u00f3 una restauraci\u00f3n id\u00e9ntica en madera. Pero primero, la pr\u00f3xima operaci\u00f3n prevista es el desmantelamiento del andamiaje que fue instalado alrededor de la catedral antes del incendio del 15 de abril para restaurar el edificio. El andamio debe ser retirado porque presenta una amenaza para la catedral.<\/p>\n<p>Despu\u00e9s, se realizar\u00e1 un diagn\u00f3stico completo que permitir\u00e1 a los arquitectos analizar c\u00f3mo restaurar el templo, antes de comenzar la reconstrucci\u00f3n en 2021.<\/p>\n<p>El presidente Macron expres\u00f3 su deseo de que se culmine en 2024, un plazo que algunos consideran ajustado.<\/p>\n<p>AFP<\/p>\n","protected":false},"excerpt":{"rendered":"<p>La catedral de Notre Dame de Par\u00eds, que sufri\u00f3 un <a href=\"https:\/\/sertv.gob.pa\/crisolfm\/notre-dame-de-paris-espera-decision-sobre-tejado-y-aguja\/\"> [&#8230;]<\/a><\/p>\n","protected":false},"author":64,"featured_media":25407,"comment_status":"closed","ping_status":"closed","sticky":false,"template":"","format":"standard","meta":{"footnotes":""},"categories":[6],"tags":[],"class_list":["post-25406","post","type-post","status-publish","format-standard","has-post-thumbnail","hentry","category-culturales"],"_links":{"self":[{"href":"https:\/\/sertv.gob.pa\/crisolfm\/wp-json\/wp\/v2\/posts\/25406","targetHints":{"allow":["GET"]}}],"collection":[{"href":"https:\/\/sertv.gob.pa\/crisolfm\/wp-json\/wp\/v2\/posts"}],"about":[{"href":"https:\/\/sertv.gob.pa\/crisolfm\/wp-json\/wp\/v2\/types\/post"}],"author":[{"embeddable":true,"href":"https:\/\/sertv.gob.pa\/crisolfm\/wp-json\/wp\/v2\/users\/64"}],"replies":[{"embeddable":true,"href":"https:\/\/sertv.gob.pa\/crisolfm\/wp-json\/wp\/v2\/comments?post=25406"}],"version-history":[{"count":1,"href":"https:\/\/sertv.gob.pa\/crisolfm\/wp-json\/wp\/v2\/posts\/25406\/revisions"}],"predecessor-version":[{"id":25408,"href":"https:\/\/sertv.gob.pa\/crisolfm\/wp-json\/wp\/v2\/posts\/25406\/revisions\/25408"}],"wp:featuredmedia":[{"embeddable":true,"href":"https:\/\/sertv.gob.pa\/crisolfm\/wp-json\/wp\/v2\/media\/25407"}],"wp:attachment":[{"href":"https:\/\/sertv.gob.pa\/crisolfm\/wp-json\/wp\/v2\/media?parent=25406"}],"wp:term":[{"taxonomy":"category","embeddable":true,"href":"https:\/\/sertv.gob.pa\/crisolfm\/wp-json\/wp\/v2\/categories?post=25406"},{"taxonomy":"post_tag","embeddable":true,"href":"https:\/\/sertv.gob.pa\/crisolfm\/wp-json\/wp\/v2\/tags?post=25406"}],"curies":[{"name":"wp","href":"https:\/\/api.w.org\/{rel}","templated":true}]}}