{"id":25409,"date":"2020-01-06T13:46:35","date_gmt":"2020-01-06T13:46:35","guid":{"rendered":"https:\/\/sertv.gob.pa\/crisolfm\/?p=25409"},"modified":"2020-01-06T13:46:35","modified_gmt":"2020-01-06T13:46:35","slug":"emiten-aviso-de-prevencion-ante-el-aumento-de-vientos-sobre-el-pais","status":"publish","type":"post","link":"https:\/\/sertv.gob.pa\/crisolfm\/emiten-aviso-de-prevencion-ante-el-aumento-de-vientos-sobre-el-pais\/","title":{"rendered":"Emiten aviso de prevenci\u00f3n ante el aumento de vientos sobre el pa\u00eds"},"content":{"rendered":"<p>La Oficina de Pron\u00f3stico y Vigilancia Meteorol\u00f3gica de ETESA dio a conocer sobre un fuerte sistema de alta presi\u00f3n, aunado al desplazamiento de un nuevo frente fr\u00edo en el Caribe. Dichos eventos est\u00e1n generando condiciones ventosas en diferentes provincias del pa\u00eds.<\/p>\n<p>As\u00ed las cosas, el Centro de Operaciones de Emergencias Nacional emiti\u00f3 un aviso de prevenci\u00f3n (vigilancia y monitoreo) en todo el territorio nacional por el incremento de vientos y aviso de prevenci\u00f3n para el Caribe, debido a oleajes a partir de las 5:00 a.m. de este lunes 6 de enero hasta las 11:59 p.m. del viernes 10 de enero.<\/p>\n<p>El Sistema Nacional de Protecci\u00f3n Civil detall\u00f3 que el registro de vientos continuar\u00e1 para el resto de la semana con velocidades desde los 30 km\/h hasta los 60 km\/h y con posibles r\u00e1fagas oscilando 60 km\/h hasta 90 km\/h.; y se prev\u00e9 que en las regiones monta\u00f1osas se incrementen los vientos.<\/p>\n<p>El aviso por el aumento de las olas es para el litoral Caribe (desde la comarca Guna Yala hasta Bocas del Toro). El paso de un sistema de alta presi\u00f3n atmosf\u00e9rica genera la intensificaci\u00f3n de los vientos alisios del norte. Se prev\u00e9n oleajes con periodos variados de 7 a 11 segundos y con alturas de 0.5m a 1.5 m en el occidente y centro de la regi\u00f3n, y desde 1.0 m a 2.5m de altura para el oriente de la regi\u00f3n, precis\u00f3 Carlos Rumbo, director general del Sinaproc.<\/p>\n","protected":false},"excerpt":{"rendered":"<p>La Oficina de Pron\u00f3stico y Vigilancia Meteorol\u00f3gica de ETESA dio <a href=\"https:\/\/sertv.gob.pa\/crisolfm\/emiten-aviso-de-prevencion-ante-el-aumento-de-vientos-sobre-el-pais\/\"> [&#8230;]<\/a><\/p>\n","protected":false},"author":64,"featured_media":25410,"comment_status":"closed","ping_status":"closed","sticky":false,"template":"","format":"standard","meta":{"footnotes":""},"categories":[7],"tags":[],"class_list":["post-25409","post","type-post","status-publish","format-standard","has-post-thumbnail","hentry","category-ecologicas"],"_links":{"self":[{"href":"https:\/\/sertv.gob.pa\/crisolfm\/wp-json\/wp\/v2\/posts\/25409","targetHints":{"allow":["GET"]}}],"collection":[{"href":"https:\/\/sertv.gob.pa\/crisolfm\/wp-json\/wp\/v2\/posts"}],"about":[{"href":"https:\/\/sertv.gob.pa\/crisolfm\/wp-json\/wp\/v2\/types\/post"}],"author":[{"embeddable":true,"href":"https:\/\/sertv.gob.pa\/crisolfm\/wp-json\/wp\/v2\/users\/64"}],"replies":[{"embeddable":true,"href":"https:\/\/sertv.gob.pa\/crisolfm\/wp-json\/wp\/v2\/comments?post=25409"}],"version-history":[{"count":1,"href":"https:\/\/sertv.gob.pa\/crisolfm\/wp-json\/wp\/v2\/posts\/25409\/revisions"}],"predecessor-version":[{"id":25411,"href":"https:\/\/sertv.gob.pa\/crisolfm\/wp-json\/wp\/v2\/posts\/25409\/revisions\/25411"}],"wp:featuredmedia":[{"embeddable":true,"href":"https:\/\/sertv.gob.pa\/crisolfm\/wp-json\/wp\/v2\/media\/25410"}],"wp:attachment":[{"href":"https:\/\/sertv.gob.pa\/crisolfm\/wp-json\/wp\/v2\/media?parent=25409"}],"wp:term":[{"taxonomy":"category","embeddable":true,"href":"https:\/\/sertv.gob.pa\/crisolfm\/wp-json\/wp\/v2\/categories?post=25409"},{"taxonomy":"post_tag","embeddable":true,"href":"https:\/\/sertv.gob.pa\/crisolfm\/wp-json\/wp\/v2\/tags?post=25409"}],"curies":[{"name":"wp","href":"https:\/\/api.w.org\/{rel}","templated":true}]}}