{"id":25436,"date":"2020-01-06T15:25:57","date_gmt":"2020-01-06T15:25:57","guid":{"rendered":"https:\/\/sertv.gob.pa\/crisolfm\/?p=25436"},"modified":"2020-01-06T15:25:57","modified_gmt":"2020-01-06T15:25:57","slug":"acciona-se-refuerza-en-ee-uu-al-poner-en-marcha-su-nuevo-parque-eolico","status":"publish","type":"post","link":"https:\/\/sertv.gob.pa\/crisolfm\/acciona-se-refuerza-en-ee-uu-al-poner-en-marcha-su-nuevo-parque-eolico\/","title":{"rendered":"Acciona se refuerza en EE.UU. al poner en marcha su nuevo parque e\u00f3lico"},"content":{"rendered":"<p>Se trata de la segunda instalaci\u00f3n e\u00f3lica del grupo que preside Jos\u00e9 Manuel Entrecanales en <strong>Texas<\/strong> y la novena en el conjunto del pa\u00eds, con lo que refuerza as\u00ed su presencia en este mercado, el segundo en el exterior de su negocio de energ\u00eda verde.<\/p>\n<p>Con el nuevo parque, Acciona suma 1.047 MW de potencia e\u00f3lica conjunta instalada en Norteam\u00e9rica, entre Estados Unidos y Canad\u00e1, donde adem\u00e1s tiene una planta termosolar, la instalada en Nevada.<\/p>\n<p>Asimismo, en el marco de su estrategia de<strong> intensificar su inversi\u00f3n en renovables,<\/strong> el grupo compr\u00f3 el pasado mes de octubre a la firma Tenaska una cartera de veinte proyectos fotovoltaicos para desarrollar en Estados Unidos, repartidos en siete Estados del pa\u00eds y que suman una potencia total de 3.000 megavatios (MW).<\/p>\n<p>La compa\u00f1\u00eda prev\u00e9 poner en servicio ocho proyectos de esta cartera antes de que concluya el a\u00f1o 2023, que sumar\u00e1n una capacidad fotovoltaica de unos 1.500 MW.<\/p>\n<p>En cuanto al parque que ahora pone en explotaci\u00f3n en Texas, est\u00e1 compuesto por 46 aerogeneradores fabricados por su filial Nordex y se ha levantado en el condado texano de Cameron, en las proximidades de otro parque ya en operaci\u00f3n desde 2016.<\/p>\n<p>La nueva instalaci\u00f3n producir\u00e1 unos 524 gigavatios a la hora (GWh) de energ\u00eda al a\u00f1o, equivalente al <strong>consumo de unos 43.000 hogares<\/strong>.<\/p>\n<p>De esta forma, evitar\u00e1 la emisi\u00f3n a la atm\u00f3sfera de alrededor de medio mill\u00f3n de toneladas de CO2, un efecto similar al que resultar\u00eda de retirar de circulaci\u00f3n unos 100.000 veh\u00edculos.<\/p>\n<p>ECOticias<\/p>\n","protected":false},"excerpt":{"rendered":"<p>Se trata de la segunda instalaci\u00f3n e\u00f3lica del grupo que <a href=\"https:\/\/sertv.gob.pa\/crisolfm\/acciona-se-refuerza-en-ee-uu-al-poner-en-marcha-su-nuevo-parque-eolico\/\"> [&#8230;]<\/a><\/p>\n","protected":false},"author":64,"featured_media":25437,"comment_status":"closed","ping_status":"closed","sticky":false,"template":"","format":"standard","meta":{"footnotes":""},"categories":[7],"tags":[],"class_list":["post-25436","post","type-post","status-publish","format-standard","has-post-thumbnail","hentry","category-ecologicas"],"_links":{"self":[{"href":"https:\/\/sertv.gob.pa\/crisolfm\/wp-json\/wp\/v2\/posts\/25436","targetHints":{"allow":["GET"]}}],"collection":[{"href":"https:\/\/sertv.gob.pa\/crisolfm\/wp-json\/wp\/v2\/posts"}],"about":[{"href":"https:\/\/sertv.gob.pa\/crisolfm\/wp-json\/wp\/v2\/types\/post"}],"author":[{"embeddable":true,"href":"https:\/\/sertv.gob.pa\/crisolfm\/wp-json\/wp\/v2\/users\/64"}],"replies":[{"embeddable":true,"href":"https:\/\/sertv.gob.pa\/crisolfm\/wp-json\/wp\/v2\/comments?post=25436"}],"version-history":[{"count":1,"href":"https:\/\/sertv.gob.pa\/crisolfm\/wp-json\/wp\/v2\/posts\/25436\/revisions"}],"predecessor-version":[{"id":25438,"href":"https:\/\/sertv.gob.pa\/crisolfm\/wp-json\/wp\/v2\/posts\/25436\/revisions\/25438"}],"wp:featuredmedia":[{"embeddable":true,"href":"https:\/\/sertv.gob.pa\/crisolfm\/wp-json\/wp\/v2\/media\/25437"}],"wp:attachment":[{"href":"https:\/\/sertv.gob.pa\/crisolfm\/wp-json\/wp\/v2\/media?parent=25436"}],"wp:term":[{"taxonomy":"category","embeddable":true,"href":"https:\/\/sertv.gob.pa\/crisolfm\/wp-json\/wp\/v2\/categories?post=25436"},{"taxonomy":"post_tag","embeddable":true,"href":"https:\/\/sertv.gob.pa\/crisolfm\/wp-json\/wp\/v2\/tags?post=25436"}],"curies":[{"name":"wp","href":"https:\/\/api.w.org\/{rel}","templated":true}]}}