{"id":25450,"date":"2020-01-07T14:02:54","date_gmt":"2020-01-07T14:02:54","guid":{"rendered":"https:\/\/sertv.gob.pa\/crisolfm\/?p=25450"},"modified":"2020-01-07T14:02:54","modified_gmt":"2020-01-07T14:02:54","slug":"lluvias-en-la-cuenca-canalera-se-redujeron-un-20","status":"publish","type":"post","link":"https:\/\/sertv.gob.pa\/crisolfm\/lluvias-en-la-cuenca-canalera-se-redujeron-un-20\/","title":{"rendered":"Lluvias en la cuenca canalera se redujeron un 20%"},"content":{"rendered":"<p>El 2019 concluy\u00f3 como el quinto a\u00f1o m\u00e1s seco de las \u00faltimas siete d\u00e9cadas en cuanto al registro de lluvias en la Cuenca Hidrogr\u00e1fica del Canal de Panam\u00e1. De acuerdo con los registros, el a\u00f1o pasado concluy\u00f3 con 2,149 mil\u00edmetros de precipitaci\u00f3n, lo que representa 20% por debajo del promedio hist\u00f3rico de 2,695 mil\u00edmetros.<\/p>\n<p>Las lluvias de diciembre mantuvieron la tendencia del resto a\u00f1o. Las precipitaciones en la Cuenca Hidrograf\u00eda del Canal de Panam\u00e1 fueron menores a su nivel hist\u00f3rico, durante los otros once meses del a\u00f1o pasado. Producto de esta situaci\u00f3n, que se repite en otras regiones del pa\u00eds, el Canal de Panam\u00e1 continuar\u00e1 con las medidas que desde tiempo atr\u00e1s viene implementando para conservar agua para las operaciones de la v\u00eda interoce\u00e1nica.<\/p>\n<p>&nbsp;<\/p>\n","protected":false},"excerpt":{"rendered":"<p>El 2019 concluy\u00f3 como el quinto a\u00f1o m\u00e1s seco de <a href=\"https:\/\/sertv.gob.pa\/crisolfm\/lluvias-en-la-cuenca-canalera-se-redujeron-un-20\/\"> [&#8230;]<\/a><\/p>\n","protected":false},"author":64,"featured_media":25451,"comment_status":"closed","ping_status":"closed","sticky":false,"template":"","format":"standard","meta":{"footnotes":""},"categories":[7],"tags":[],"class_list":["post-25450","post","type-post","status-publish","format-standard","has-post-thumbnail","hentry","category-ecologicas"],"_links":{"self":[{"href":"https:\/\/sertv.gob.pa\/crisolfm\/wp-json\/wp\/v2\/posts\/25450","targetHints":{"allow":["GET"]}}],"collection":[{"href":"https:\/\/sertv.gob.pa\/crisolfm\/wp-json\/wp\/v2\/posts"}],"about":[{"href":"https:\/\/sertv.gob.pa\/crisolfm\/wp-json\/wp\/v2\/types\/post"}],"author":[{"embeddable":true,"href":"https:\/\/sertv.gob.pa\/crisolfm\/wp-json\/wp\/v2\/users\/64"}],"replies":[{"embeddable":true,"href":"https:\/\/sertv.gob.pa\/crisolfm\/wp-json\/wp\/v2\/comments?post=25450"}],"version-history":[{"count":1,"href":"https:\/\/sertv.gob.pa\/crisolfm\/wp-json\/wp\/v2\/posts\/25450\/revisions"}],"predecessor-version":[{"id":25452,"href":"https:\/\/sertv.gob.pa\/crisolfm\/wp-json\/wp\/v2\/posts\/25450\/revisions\/25452"}],"wp:featuredmedia":[{"embeddable":true,"href":"https:\/\/sertv.gob.pa\/crisolfm\/wp-json\/wp\/v2\/media\/25451"}],"wp:attachment":[{"href":"https:\/\/sertv.gob.pa\/crisolfm\/wp-json\/wp\/v2\/media?parent=25450"}],"wp:term":[{"taxonomy":"category","embeddable":true,"href":"https:\/\/sertv.gob.pa\/crisolfm\/wp-json\/wp\/v2\/categories?post=25450"},{"taxonomy":"post_tag","embeddable":true,"href":"https:\/\/sertv.gob.pa\/crisolfm\/wp-json\/wp\/v2\/tags?post=25450"}],"curies":[{"name":"wp","href":"https:\/\/api.w.org\/{rel}","templated":true}]}}