{"id":25457,"date":"2020-01-07T14:43:19","date_gmt":"2020-01-07T14:43:19","guid":{"rendered":"https:\/\/sertv.gob.pa\/crisolfm\/?p=25457"},"modified":"2020-01-07T14:43:19","modified_gmt":"2020-01-07T14:43:19","slug":"el-manto-de-la-escritora-chilena-marcela-serrano","status":"publish","type":"post","link":"https:\/\/sertv.gob.pa\/crisolfm\/el-manto-de-la-escritora-chilena-marcela-serrano\/","title":{"rendered":"&#8216;El manto&#8217;, de la escritora chilena Marcela Serrano"},"content":{"rendered":"<p>El manto, su \u00faltimo libro, es real y desgarrador, pero es un canto a la vida, al amor entre hermanos, a la complicidad de las mujeres, m\u00e1s cuando son hermanas y como dice la contraportada, el dolor de perder a una de ellas \u201cnos han arrojado una bomba at\u00f3mica sobre nuestras cabezas. Fuimos siempre cinco hermanas. Se ha roto, irreversible, nuestra fan\u00e1tica identidad\u201d.<\/p>\n<p>Lo titul\u00f3 El manto y es una alegor\u00eda a la madre de Violeta y Nicanor Parra, Claudia Sandoval, y a la colcha que envolvi\u00f3 el cuerpo del vate cuando muri\u00f3 en enero de 2018, que hab\u00eda ido tejiendo de retazos a lo largo de su vida ya que era costurera. En este emotivo y valioso testimonio presenciamos el desgranar los recuerdos m\u00e1s hilarantes y tambi\u00e9n m\u00e1s dolorosos de la autora, que se encerr\u00f3 a escribir su libro m\u00e1s personal como la \u00fanica manera de sobrellevar el desconcierto, la tristeza y la rabia que sent\u00eda por la muerte de su hermana.<\/p>\n<p>No es un libro triste, sino lleno de an\u00e9cdotas, recuerdos y relatos de una juventud compartida por partida qu\u00edntuple y, seg\u00fan ella escribe en sus primeras p\u00e1ginas, \u201cno se ha inventado la palabra para la hermana que se qued\u00f3 sin hermana\u201d. Apela a muchos autores, cl\u00e1sicos y contempor\u00e1neos durante su relato, reiterando que el duelo es un proceso s\u00edquico que debe ser absolutamente valorado. Freud define el duelo como una separaci\u00f3n solemne de la actitud normal hacia la vida, pero ella estaba lejos de llegar a ver cumplida la labor de su duelo porque quer\u00eda rendirle a su hermana muerta este homenaje.<\/p>\n<p>Es una de las m\u00e1s famosas escritoras chilenas, aunque aduce que su entrada al mundo literario fue tard\u00eda, a los 40 a\u00f1os. Tiene a su haber 12 novelas y dos libros de cuentos, el \u00faltimo recoge 20 cuentos publicado con el nombre Dulce enemiga m\u00eda. Su primera novela, Nosotras que nos queremos tanto, publicado en 1991, fue un fen\u00f3meno editorial y de all\u00ed ha venido cosechando \u00e9xito tras \u00e9xito, uno de sus libros fue llevado al cine, Antigua vida m\u00eda, por el productor argentino H\u00e9ctor Olivera y la primera de sus novelas adaptada al teatro y estrenada en su pa\u00eds natal.<\/p>\n<p>&nbsp;<\/p>\n","protected":false},"excerpt":{"rendered":"<p>El manto, su \u00faltimo libro, es real y desgarrador, pero <a href=\"https:\/\/sertv.gob.pa\/crisolfm\/el-manto-de-la-escritora-chilena-marcela-serrano\/\"> [&#8230;]<\/a><\/p>\n","protected":false},"author":64,"featured_media":25458,"comment_status":"closed","ping_status":"closed","sticky":false,"template":"","format":"standard","meta":{"footnotes":""},"categories":[6],"tags":[],"class_list":["post-25457","post","type-post","status-publish","format-standard","has-post-thumbnail","hentry","category-culturales"],"_links":{"self":[{"href":"https:\/\/sertv.gob.pa\/crisolfm\/wp-json\/wp\/v2\/posts\/25457","targetHints":{"allow":["GET"]}}],"collection":[{"href":"https:\/\/sertv.gob.pa\/crisolfm\/wp-json\/wp\/v2\/posts"}],"about":[{"href":"https:\/\/sertv.gob.pa\/crisolfm\/wp-json\/wp\/v2\/types\/post"}],"author":[{"embeddable":true,"href":"https:\/\/sertv.gob.pa\/crisolfm\/wp-json\/wp\/v2\/users\/64"}],"replies":[{"embeddable":true,"href":"https:\/\/sertv.gob.pa\/crisolfm\/wp-json\/wp\/v2\/comments?post=25457"}],"version-history":[{"count":1,"href":"https:\/\/sertv.gob.pa\/crisolfm\/wp-json\/wp\/v2\/posts\/25457\/revisions"}],"predecessor-version":[{"id":25459,"href":"https:\/\/sertv.gob.pa\/crisolfm\/wp-json\/wp\/v2\/posts\/25457\/revisions\/25459"}],"wp:featuredmedia":[{"embeddable":true,"href":"https:\/\/sertv.gob.pa\/crisolfm\/wp-json\/wp\/v2\/media\/25458"}],"wp:attachment":[{"href":"https:\/\/sertv.gob.pa\/crisolfm\/wp-json\/wp\/v2\/media?parent=25457"}],"wp:term":[{"taxonomy":"category","embeddable":true,"href":"https:\/\/sertv.gob.pa\/crisolfm\/wp-json\/wp\/v2\/categories?post=25457"},{"taxonomy":"post_tag","embeddable":true,"href":"https:\/\/sertv.gob.pa\/crisolfm\/wp-json\/wp\/v2\/tags?post=25457"}],"curies":[{"name":"wp","href":"https:\/\/api.w.org\/{rel}","templated":true}]}}