{"id":25476,"date":"2020-01-07T15:56:23","date_gmt":"2020-01-07T15:56:23","guid":{"rendered":"https:\/\/sertv.gob.pa\/crisolfm\/?p=25476"},"modified":"2020-01-07T15:56:23","modified_gmt":"2020-01-07T15:56:23","slug":"lo-que-faltaba-nuestra-salud-osea-empeora-con-la-contaminacion-atmosferica","status":"publish","type":"post","link":"https:\/\/sertv.gob.pa\/crisolfm\/lo-que-faltaba-nuestra-salud-osea-empeora-con-la-contaminacion-atmosferica\/","title":{"rendered":"Lo que faltaba, nuestra salud \u00f3sea empeora con la contaminaci\u00f3n atmosf\u00e9rica"},"content":{"rendered":"<p>Algunos efectos de la\u00a0<strong>contaminaci\u00f3n atmosf\u00e9rica\u00a0<\/strong>sobre la salud son bien conocidos \u2013c\u00e1ncer de pulm\u00f3n, ictus, enfermedades respiratorias y un largo etc\u00e9tera\u2013, pero otros cuentan con menos evidencia cient\u00edfica.<\/p>\n<p>Es el caso de la\u00a0salud \u00f3sea: hay pocos estudios y sus hallazgos no han sido concluyentes. Ahora, una investigaci\u00f3n en la\u00a0Indialiderada por el Instituto de Salud Global de Barcelona (ISGlobal), centro impulsado por \u201cla Caixa\u201d, ha encontrado una asociaci\u00f3n entre la exposici\u00f3n a la contaminaci\u00f3n del aire y una peor salud de los huesos.<\/p>\n<p>La\u00a0osteoporosis\u00a0es la enfermedad del esqueleto en la que se produce una disminuci\u00f3n de la densidad de masa \u00f3sea. Es responsable de una carga sustancial de enfermedad a nivel mundial y se espera que aumente su prevalencia debido al envejecimiento de la poblaci\u00f3n.<\/p>\n<p>El nuevo estudio, realizado por el\u00a0Proyecto CHAI, que coordina ISGlobal, y publicado en la revista\u00a0<em>Jama Network Open,<\/em>\u00a0se propuso analizar la relaci\u00f3n entre la contaminaci\u00f3n atmosf\u00e9rica y la<strong> salud \u00f3sea,<\/strong> a partir de m\u00e1s de\u00a03.700 personas\u00a0de 28 aldeas cercanas a Hyderabad, en el sur de la India.<\/p>\n<p>Los autores aplicaron un modelo desarrollado a nivel local para estimar la exposici\u00f3n a la contaminaci\u00f3n atmosf\u00e9rica alrededor de las viviendas \u00ad\u00ad\u00ad\u2013part\u00edculas finas (part\u00edculas suspendidas en el aire con di\u00e1metro inferior a 2,5 \u03bcm, PM<sub>2.5<\/sub>) y carbono negro (BC)\u00ad\u2013.<\/p>\n<p>Los participantes tambi\u00e9n informaron del tipo de\u00a0combustible\u00a0que usaron para\u00a0cocinar. Esta informaci\u00f3n se relacion\u00f3 con la salud \u00f3sea, evaluada a partir de un tipo de\u00a0radiograf\u00eda que mide la densidad \u00f3sea \u00ad\u2013absorciometr\u00eda de rayos X de energ\u00eda doble (DXA)\u00ad\u2013 y se analiz\u00f3 la masa \u00f3sea en la columna y en la cadera izquierda.<\/p>\n<p>Los resultados mostraron que\u00a0la exposici\u00f3n a la contaminaci\u00f3n atmosf\u00e9rica, en especial a las\u00a0part\u00edculas finas, se asociaba con un\u00a0bajo nivel de masa \u00f3sea. No se hall\u00f3 v\u00ednculo con la actividad de cocinar con <strong>combustible de biomasa<\/strong>.<\/p>\n<p>\u201cEste estudio contribuye a la escasa y poco concluyente literatura cient\u00edfica que asocia la contaminaci\u00f3n del aire con una peor salud \u00f3sea\u201d, explica\u00a0Otavio T. Ranzani, investigador de ISGlobal y primer autor del estudio.<\/p>\n<p>ECOticias<\/p>\n","protected":false},"excerpt":{"rendered":"<p>Algunos efectos de la\u00a0contaminaci\u00f3n atmosf\u00e9rica\u00a0sobre la salud son bien conocidos <a href=\"https:\/\/sertv.gob.pa\/crisolfm\/lo-que-faltaba-nuestra-salud-osea-empeora-con-la-contaminacion-atmosferica\/\"> [&#8230;]<\/a><\/p>\n","protected":false},"author":64,"featured_media":25477,"comment_status":"closed","ping_status":"closed","sticky":false,"template":"","format":"standard","meta":{"footnotes":""},"categories":[7],"tags":[],"class_list":["post-25476","post","type-post","status-publish","format-standard","has-post-thumbnail","hentry","category-ecologicas"],"_links":{"self":[{"href":"https:\/\/sertv.gob.pa\/crisolfm\/wp-json\/wp\/v2\/posts\/25476","targetHints":{"allow":["GET"]}}],"collection":[{"href":"https:\/\/sertv.gob.pa\/crisolfm\/wp-json\/wp\/v2\/posts"}],"about":[{"href":"https:\/\/sertv.gob.pa\/crisolfm\/wp-json\/wp\/v2\/types\/post"}],"author":[{"embeddable":true,"href":"https:\/\/sertv.gob.pa\/crisolfm\/wp-json\/wp\/v2\/users\/64"}],"replies":[{"embeddable":true,"href":"https:\/\/sertv.gob.pa\/crisolfm\/wp-json\/wp\/v2\/comments?post=25476"}],"version-history":[{"count":1,"href":"https:\/\/sertv.gob.pa\/crisolfm\/wp-json\/wp\/v2\/posts\/25476\/revisions"}],"predecessor-version":[{"id":25478,"href":"https:\/\/sertv.gob.pa\/crisolfm\/wp-json\/wp\/v2\/posts\/25476\/revisions\/25478"}],"wp:featuredmedia":[{"embeddable":true,"href":"https:\/\/sertv.gob.pa\/crisolfm\/wp-json\/wp\/v2\/media\/25477"}],"wp:attachment":[{"href":"https:\/\/sertv.gob.pa\/crisolfm\/wp-json\/wp\/v2\/media?parent=25476"}],"wp:term":[{"taxonomy":"category","embeddable":true,"href":"https:\/\/sertv.gob.pa\/crisolfm\/wp-json\/wp\/v2\/categories?post=25476"},{"taxonomy":"post_tag","embeddable":true,"href":"https:\/\/sertv.gob.pa\/crisolfm\/wp-json\/wp\/v2\/tags?post=25476"}],"curies":[{"name":"wp","href":"https:\/\/api.w.org\/{rel}","templated":true}]}}