{"id":25482,"date":"2020-01-08T13:08:07","date_gmt":"2020-01-08T13:08:07","guid":{"rendered":"https:\/\/sertv.gob.pa\/crisolfm\/?p=25482"},"modified":"2020-01-08T13:08:07","modified_gmt":"2020-01-08T13:08:07","slug":"desfile-de-las-mil-polleras-resalta-el-turismo-cultural-de-la-region-santena","status":"publish","type":"post","link":"https:\/\/sertv.gob.pa\/crisolfm\/desfile-de-las-mil-polleras-resalta-el-turismo-cultural-de-la-region-santena\/","title":{"rendered":"Desfile de las Mil Polleras resalta el turismo cultural de la regi\u00f3n sante\u00f1a"},"content":{"rendered":"<p>Con la movilizaci\u00f3n de m\u00e1s de 250 mil visitantes hacia la ciudad de Las Tablas y la participaci\u00f3n de m\u00e1s 100 delegaciones, el Ministerio de Cultura y la Autoridad de Turismo de Panam\u00e1 est\u00e1n listos para la celebraci\u00f3n del Desfile de las Mil Polleras este s\u00e1bado 11 de enero.<\/p>\n<p>Nicanor Castillo, Director Regional de Los Santos del Ministerio de Cultura, particip\u00f3 de este evento organizado por la Autoridad de Turismo de Panam\u00e1 y MiCultura y anunci\u00f3 que para este a\u00f1o habr\u00e1 actividades durante toda la semana previa al desfile; entre las cuales se destaca una feria de productos agr\u00edcolas, la feria de artesan\u00edas, la junta de embarra, presentaciones folcl\u00f3ricas en el Parque Porras y el acto de entrega de bandera el viernes 10 de enero a las 6:00 p.m. en el Palacio de la Gobernaci\u00f3n.<\/p>\n<p>Se dio a conocer que la ocupaci\u00f3n hotelera est\u00e1 ocupada al 100%. Esta actividad representa una inyecci\u00f3n econ\u00f3mica de $25 millones para la regi\u00f3n de Azuero.<\/p>\n<p>Este a\u00f1o para el manejo responsable de desechos se contar\u00e1 con la participaci\u00f3n de Costa Recicla, una organizaci\u00f3n sin fines de lucro, la cual colocar\u00e1 43 estaciones con 3 tanques cada una, asistida por personal que procurar\u00e1 hacer docencia de c\u00f3mo clasificar la basura; para as\u00ed poder reciclar envases de aluminio y pl\u00e1stico, una vez culmine la actividad.<\/p>\n<p>&nbsp;<\/p>\n","protected":false},"excerpt":{"rendered":"<p>Con la movilizaci\u00f3n de m\u00e1s de 250 mil visitantes hacia <a href=\"https:\/\/sertv.gob.pa\/crisolfm\/desfile-de-las-mil-polleras-resalta-el-turismo-cultural-de-la-region-santena\/\"> [&#8230;]<\/a><\/p>\n","protected":false},"author":64,"featured_media":25483,"comment_status":"closed","ping_status":"closed","sticky":false,"template":"","format":"standard","meta":{"footnotes":""},"categories":[6],"tags":[],"class_list":["post-25482","post","type-post","status-publish","format-standard","has-post-thumbnail","hentry","category-culturales"],"_links":{"self":[{"href":"https:\/\/sertv.gob.pa\/crisolfm\/wp-json\/wp\/v2\/posts\/25482","targetHints":{"allow":["GET"]}}],"collection":[{"href":"https:\/\/sertv.gob.pa\/crisolfm\/wp-json\/wp\/v2\/posts"}],"about":[{"href":"https:\/\/sertv.gob.pa\/crisolfm\/wp-json\/wp\/v2\/types\/post"}],"author":[{"embeddable":true,"href":"https:\/\/sertv.gob.pa\/crisolfm\/wp-json\/wp\/v2\/users\/64"}],"replies":[{"embeddable":true,"href":"https:\/\/sertv.gob.pa\/crisolfm\/wp-json\/wp\/v2\/comments?post=25482"}],"version-history":[{"count":1,"href":"https:\/\/sertv.gob.pa\/crisolfm\/wp-json\/wp\/v2\/posts\/25482\/revisions"}],"predecessor-version":[{"id":25484,"href":"https:\/\/sertv.gob.pa\/crisolfm\/wp-json\/wp\/v2\/posts\/25482\/revisions\/25484"}],"wp:featuredmedia":[{"embeddable":true,"href":"https:\/\/sertv.gob.pa\/crisolfm\/wp-json\/wp\/v2\/media\/25483"}],"wp:attachment":[{"href":"https:\/\/sertv.gob.pa\/crisolfm\/wp-json\/wp\/v2\/media?parent=25482"}],"wp:term":[{"taxonomy":"category","embeddable":true,"href":"https:\/\/sertv.gob.pa\/crisolfm\/wp-json\/wp\/v2\/categories?post=25482"},{"taxonomy":"post_tag","embeddable":true,"href":"https:\/\/sertv.gob.pa\/crisolfm\/wp-json\/wp\/v2\/tags?post=25482"}],"curies":[{"name":"wp","href":"https:\/\/api.w.org\/{rel}","templated":true}]}}