{"id":25504,"date":"2020-01-08T13:48:08","date_gmt":"2020-01-08T13:48:08","guid":{"rendered":"https:\/\/sertv.gob.pa\/crisolfm\/?p=25504"},"modified":"2020-01-08T13:48:08","modified_gmt":"2020-01-08T13:48:08","slug":"concurso-internacional-de-piano-cierra-su-trayectoria","status":"publish","type":"post","link":"https:\/\/sertv.gob.pa\/crisolfm\/concurso-internacional-de-piano-cierra-su-trayectoria\/","title":{"rendered":"Concurso Internacional de Piano cierra su trayectoria"},"content":{"rendered":"<p>El <strong>Concurso Internacional de Piano Ciudad de Panam\u00e1<\/strong>, que se celebraba con periodicidad bienal desde 2004, no volver\u00e1 a ser organizado, indica su fundador, el pianista y gestor paname\u00f1o <strong>Jaime Ingram<\/strong>.<\/p>\n<p>Con 92 a\u00f1os, Ingram estima que es momento de descansar y dejar la puerta abierta para que otros promotores de la cultura desarrollen iniciativas que den continuidad al trabajo efectuado durante las ocho ediciones del Concurso de Piano, que reun\u00eda en la ciudad capital, previo proceso de audici\u00f3n, a lo m\u00e1s selecto de los j\u00f3venes pianistas del mundo, que compet\u00edan en eliminatorias en el Teatro Nacional.<\/p>\n<p>En septiembre de 2018, un mes antes de la VIII versi\u00f3n del concurso, se anunci\u00f3 la cancelaci\u00f3n del certamen musical debido a la demora con la entrega de un fondo de 250 mil d\u00f3lares otorgados por el entonces Instituto Nacional de Cultura, debido a una documentaci\u00f3n exigida por la Contralor\u00eda General de la Rep\u00fablica. Al final, la competencia de piano se desarroll\u00f3 seg\u00fan lo programado. Fue su \u00faltima edici\u00f3n.<\/p>\n<p>&nbsp;<\/p>\n","protected":false},"excerpt":{"rendered":"<p>El Concurso Internacional de Piano Ciudad de Panam\u00e1, que se <a href=\"https:\/\/sertv.gob.pa\/crisolfm\/concurso-internacional-de-piano-cierra-su-trayectoria\/\"> [&#8230;]<\/a><\/p>\n","protected":false},"author":64,"featured_media":25505,"comment_status":"closed","ping_status":"closed","sticky":false,"template":"","format":"standard","meta":{"footnotes":""},"categories":[6],"tags":[],"class_list":["post-25504","post","type-post","status-publish","format-standard","has-post-thumbnail","hentry","category-culturales"],"_links":{"self":[{"href":"https:\/\/sertv.gob.pa\/crisolfm\/wp-json\/wp\/v2\/posts\/25504","targetHints":{"allow":["GET"]}}],"collection":[{"href":"https:\/\/sertv.gob.pa\/crisolfm\/wp-json\/wp\/v2\/posts"}],"about":[{"href":"https:\/\/sertv.gob.pa\/crisolfm\/wp-json\/wp\/v2\/types\/post"}],"author":[{"embeddable":true,"href":"https:\/\/sertv.gob.pa\/crisolfm\/wp-json\/wp\/v2\/users\/64"}],"replies":[{"embeddable":true,"href":"https:\/\/sertv.gob.pa\/crisolfm\/wp-json\/wp\/v2\/comments?post=25504"}],"version-history":[{"count":1,"href":"https:\/\/sertv.gob.pa\/crisolfm\/wp-json\/wp\/v2\/posts\/25504\/revisions"}],"predecessor-version":[{"id":25506,"href":"https:\/\/sertv.gob.pa\/crisolfm\/wp-json\/wp\/v2\/posts\/25504\/revisions\/25506"}],"wp:featuredmedia":[{"embeddable":true,"href":"https:\/\/sertv.gob.pa\/crisolfm\/wp-json\/wp\/v2\/media\/25505"}],"wp:attachment":[{"href":"https:\/\/sertv.gob.pa\/crisolfm\/wp-json\/wp\/v2\/media?parent=25504"}],"wp:term":[{"taxonomy":"category","embeddable":true,"href":"https:\/\/sertv.gob.pa\/crisolfm\/wp-json\/wp\/v2\/categories?post=25504"},{"taxonomy":"post_tag","embeddable":true,"href":"https:\/\/sertv.gob.pa\/crisolfm\/wp-json\/wp\/v2\/tags?post=25504"}],"curies":[{"name":"wp","href":"https:\/\/api.w.org\/{rel}","templated":true}]}}