{"id":25507,"date":"2020-01-08T14:34:04","date_gmt":"2020-01-08T14:34:04","guid":{"rendered":"https:\/\/sertv.gob.pa\/crisolfm\/?p=25507"},"modified":"2020-01-08T14:34:04","modified_gmt":"2020-01-08T14:34:04","slug":"vuelve-la-gran-feria-de-la-naranja","status":"publish","type":"post","link":"https:\/\/sertv.gob.pa\/crisolfm\/vuelve-la-gran-feria-de-la-naranja\/","title":{"rendered":"Vuelve la gran Feria de la Naranja"},"content":{"rendered":"<p>Artesan\u00edas, presentaciones folcl\u00f3ricas y la gastronom\u00eda paname\u00f1a tendr\u00e1n lugar en la Feria de La Naranja, del 30 de enero al 2 de febrero, en Churuquita Grande, provincia de Cocl\u00e9.<\/p>\n<p>El evento es una vitrina para que los artesanos y productores agr\u00edcolas exhiban sus productos y promuevan las artes aut\u00f3ctonas, explic\u00f3 Tom\u00e1s Tejedor, del patronato organizador.<\/p>\n<p>\u201cLos cuatro d\u00edas tendremos actividades variadas, empezando con el tradicional Corte de La Naranja, el jueves 30, a las 7:00 p.m.\u201d, precis\u00f3 Tejedor. Adem\u00e1s, destac\u00f3 que se celebrar\u00e1 el primer concurso de acorde\u00f3n \u201cEl\u00edas Macano Fern\u00e1ndez\u201d, en la categor\u00eda de Cumbia.<\/p>\n<p>Por su parte, Elena Mor\u00e1n Mor\u00e1n, futura reina de la feria, resalt\u00f3 que con el encuentro se busca realzar la identidad paname\u00f1a y el folclor.<\/p>\n<p>La Feria de La Naranja celebrar\u00e1 su trig\u00e9sima novena versi\u00f3n, desde su creaci\u00f3n en 1981.<\/p>\n<p>&nbsp;<\/p>\n","protected":false},"excerpt":{"rendered":"<p>Artesan\u00edas, presentaciones folcl\u00f3ricas y la gastronom\u00eda paname\u00f1a tendr\u00e1n lugar en <a href=\"https:\/\/sertv.gob.pa\/crisolfm\/vuelve-la-gran-feria-de-la-naranja\/\"> [&#8230;]<\/a><\/p>\n","protected":false},"author":64,"featured_media":25508,"comment_status":"closed","ping_status":"closed","sticky":false,"template":"","format":"standard","meta":{"footnotes":""},"categories":[6],"tags":[],"class_list":["post-25507","post","type-post","status-publish","format-standard","has-post-thumbnail","hentry","category-culturales"],"_links":{"self":[{"href":"https:\/\/sertv.gob.pa\/crisolfm\/wp-json\/wp\/v2\/posts\/25507","targetHints":{"allow":["GET"]}}],"collection":[{"href":"https:\/\/sertv.gob.pa\/crisolfm\/wp-json\/wp\/v2\/posts"}],"about":[{"href":"https:\/\/sertv.gob.pa\/crisolfm\/wp-json\/wp\/v2\/types\/post"}],"author":[{"embeddable":true,"href":"https:\/\/sertv.gob.pa\/crisolfm\/wp-json\/wp\/v2\/users\/64"}],"replies":[{"embeddable":true,"href":"https:\/\/sertv.gob.pa\/crisolfm\/wp-json\/wp\/v2\/comments?post=25507"}],"version-history":[{"count":1,"href":"https:\/\/sertv.gob.pa\/crisolfm\/wp-json\/wp\/v2\/posts\/25507\/revisions"}],"predecessor-version":[{"id":25509,"href":"https:\/\/sertv.gob.pa\/crisolfm\/wp-json\/wp\/v2\/posts\/25507\/revisions\/25509"}],"wp:featuredmedia":[{"embeddable":true,"href":"https:\/\/sertv.gob.pa\/crisolfm\/wp-json\/wp\/v2\/media\/25508"}],"wp:attachment":[{"href":"https:\/\/sertv.gob.pa\/crisolfm\/wp-json\/wp\/v2\/media?parent=25507"}],"wp:term":[{"taxonomy":"category","embeddable":true,"href":"https:\/\/sertv.gob.pa\/crisolfm\/wp-json\/wp\/v2\/categories?post=25507"},{"taxonomy":"post_tag","embeddable":true,"href":"https:\/\/sertv.gob.pa\/crisolfm\/wp-json\/wp\/v2\/tags?post=25507"}],"curies":[{"name":"wp","href":"https:\/\/api.w.org\/{rel}","templated":true}]}}