{"id":25510,"date":"2020-01-08T14:41:59","date_gmt":"2020-01-08T14:41:59","guid":{"rendered":"https:\/\/sertv.gob.pa\/crisolfm\/?p=25510"},"modified":"2020-01-08T14:41:59","modified_gmt":"2020-01-08T14:41:59","slug":"los-martires-del-patriotismo","status":"publish","type":"post","link":"https:\/\/sertv.gob.pa\/crisolfm\/los-martires-del-patriotismo\/","title":{"rendered":"Los m\u00e1rtires del patriotismo"},"content":{"rendered":"<p>La bandera nacional fue izada junto a la estadounidense en la entonces llamada \u201cZona del Canal\u201d, el 9 de enero de 1964, explic\u00f3 el historiador Ricardo R\u00edos.<\/p>\n<p>R\u00edos, quien igualmente fue protagonista de la gesta, relat\u00f3 que el movimiento estall\u00f3 debido a que Estados Unidos, que ten\u00eda el dominio del \u00e1rea, no respet\u00f3 el acuerdo Chiari-Kennedy. \u201cEste convenio establec\u00eda que ambas banderas deb\u00edan hondear en el territorio\u201d, expres\u00f3 R\u00edos. Destac\u00f3 que los estudiantes del Instituto Nacional fueron los que comenzaron el movimiento, lo que los llev\u00f3 a enfrentarse contra los norteamericanos.<\/p>\n<p>Para la historiadora Milagros S\u00e1nchez, los actos fueron un grito de soberan\u00eda, que capt\u00f3 la atenci\u00f3n del mundo.\u00a0\u201cLuego de los disturbios, Panam\u00e1 rompi\u00f3 relaciones con Estados Unidos, que no esperaba esta reacci\u00f3n\u201d, precis\u00f3 S\u00e1nchez.<\/p>\n<p>Seg\u00fan la historiadora, 21 paname\u00f1os fallecieron en los disturbios, abatidos por gases lacrim\u00f3genos y la represi\u00f3n de la fuerza militar estadounidense. Afirm\u00f3 que una nueva etapa empez\u00f3 en el pa\u00eds, pues el hecho dio pie a la revisi\u00f3n de otros tratados, como el Hay-Bunau Varilla \u201cEste fue el punto de inflexi\u00f3n para la recuperaci\u00f3n de la Zona del Canal\u201d, recalc\u00f3 S\u00e1nchez.<\/p>\n<p>Daisy Suira, historiadora y catedr\u00e1tica, mencion\u00f3 que entre los ca\u00eddos en el hecho, estaba el estudiante Ascanio Arosemena, quien ayudaba a los heridos, en los predios del Colegio de Balboa.\u00a0 \u201cHoy, recordamos a estos j\u00f3venes como pr\u00f3ceres, que dieron sus vidas por recuperar nuestro patrimonio\u201d, manifest\u00f3 Suira.<\/p>\n<p>Los conocedores coincidieron en que la sociedad moderna no conoce ni honra la fecha, por la escasa informaci\u00f3n que hay en los textos educativos.<\/p>\n<p>&nbsp;<\/p>\n","protected":false},"excerpt":{"rendered":"<p>La bandera nacional fue izada junto a la estadounidense en <a href=\"https:\/\/sertv.gob.pa\/crisolfm\/los-martires-del-patriotismo\/\"> [&#8230;]<\/a><\/p>\n","protected":false},"author":64,"featured_media":25511,"comment_status":"closed","ping_status":"closed","sticky":false,"template":"","format":"standard","meta":{"footnotes":""},"categories":[6],"tags":[],"class_list":["post-25510","post","type-post","status-publish","format-standard","has-post-thumbnail","hentry","category-culturales"],"_links":{"self":[{"href":"https:\/\/sertv.gob.pa\/crisolfm\/wp-json\/wp\/v2\/posts\/25510","targetHints":{"allow":["GET"]}}],"collection":[{"href":"https:\/\/sertv.gob.pa\/crisolfm\/wp-json\/wp\/v2\/posts"}],"about":[{"href":"https:\/\/sertv.gob.pa\/crisolfm\/wp-json\/wp\/v2\/types\/post"}],"author":[{"embeddable":true,"href":"https:\/\/sertv.gob.pa\/crisolfm\/wp-json\/wp\/v2\/users\/64"}],"replies":[{"embeddable":true,"href":"https:\/\/sertv.gob.pa\/crisolfm\/wp-json\/wp\/v2\/comments?post=25510"}],"version-history":[{"count":1,"href":"https:\/\/sertv.gob.pa\/crisolfm\/wp-json\/wp\/v2\/posts\/25510\/revisions"}],"predecessor-version":[{"id":25512,"href":"https:\/\/sertv.gob.pa\/crisolfm\/wp-json\/wp\/v2\/posts\/25510\/revisions\/25512"}],"wp:featuredmedia":[{"embeddable":true,"href":"https:\/\/sertv.gob.pa\/crisolfm\/wp-json\/wp\/v2\/media\/25511"}],"wp:attachment":[{"href":"https:\/\/sertv.gob.pa\/crisolfm\/wp-json\/wp\/v2\/media?parent=25510"}],"wp:term":[{"taxonomy":"category","embeddable":true,"href":"https:\/\/sertv.gob.pa\/crisolfm\/wp-json\/wp\/v2\/categories?post=25510"},{"taxonomy":"post_tag","embeddable":true,"href":"https:\/\/sertv.gob.pa\/crisolfm\/wp-json\/wp\/v2\/tags?post=25510"}],"curies":[{"name":"wp","href":"https:\/\/api.w.org\/{rel}","templated":true}]}}