{"id":25519,"date":"2020-01-08T17:36:24","date_gmt":"2020-01-08T17:36:24","guid":{"rendered":"https:\/\/sertv.gob.pa\/crisolfm\/?p=25519"},"modified":"2020-01-08T17:36:24","modified_gmt":"2020-01-08T17:36:24","slug":"se-registran-37-incendios-de-masa-vegetal-en-los-primeros-dias-del-ano-2020","status":"publish","type":"post","link":"https:\/\/sertv.gob.pa\/crisolfm\/se-registran-37-incendios-de-masa-vegetal-en-los-primeros-dias-del-ano-2020\/","title":{"rendered":"Se registran 37 incendios de masa vegetal en los primeros d\u00edas del a\u00f1o 2020"},"content":{"rendered":"<p>Un total de <strong>37 incendios de masa vegetal se han registrado a nivel nacional<\/strong> en los primeros d\u00edas del a\u00f1o 2020. Seg\u00fan un informe estad\u00edstico del Benem\u00e9rito Cuerpo de Bomberos de la Rep\u00fablica de Panam\u00e1 (BCBRP),<strong> en la provincia de Cocl\u00e9 ya sean registrado 9 incendios, en La Chorrera 7, en David 5, en Panam\u00e1, Herrera y Los Santos 4, en Col\u00f3n 2, en Veraguas y en Chepo 1.<\/strong><\/p>\n<p>El mayor Jorge Carre\u00f1o del Cuerpo de Bomberos revel\u00f3 que durante la\u00a0estaci\u00f3n seca a diario se registran en nuestro pa\u00eds unos <strong>30 incendios de masa vegetal.<\/strong> Esta cifra aumenta los fines de semana y d\u00edas festivos, cuando la temperatura del ambiente aumenta y las personas se hallan en sus hogares.<\/p>\n<p>Carre\u00f1o explic\u00f3 que los principales detonantes para que se den los incendios de masa vegetal son <strong>la utilizaci\u00f3n del fuego como herramienta de limpieza<\/strong>, ya sea para la expansi\u00f3n de terrenos agr\u00edcolas o de ganader\u00eda; para la cacer\u00eda furtiva y para las quemas que se denominan controladas.<\/p>\n<p>&nbsp;<\/p>\n","protected":false},"excerpt":{"rendered":"<p>Un total de 37 incendios de masa vegetal se han <a href=\"https:\/\/sertv.gob.pa\/crisolfm\/se-registran-37-incendios-de-masa-vegetal-en-los-primeros-dias-del-ano-2020\/\"> [&#8230;]<\/a><\/p>\n","protected":false},"author":64,"featured_media":25520,"comment_status":"closed","ping_status":"closed","sticky":false,"template":"","format":"standard","meta":{"footnotes":""},"categories":[7],"tags":[],"class_list":["post-25519","post","type-post","status-publish","format-standard","has-post-thumbnail","hentry","category-ecologicas"],"_links":{"self":[{"href":"https:\/\/sertv.gob.pa\/crisolfm\/wp-json\/wp\/v2\/posts\/25519","targetHints":{"allow":["GET"]}}],"collection":[{"href":"https:\/\/sertv.gob.pa\/crisolfm\/wp-json\/wp\/v2\/posts"}],"about":[{"href":"https:\/\/sertv.gob.pa\/crisolfm\/wp-json\/wp\/v2\/types\/post"}],"author":[{"embeddable":true,"href":"https:\/\/sertv.gob.pa\/crisolfm\/wp-json\/wp\/v2\/users\/64"}],"replies":[{"embeddable":true,"href":"https:\/\/sertv.gob.pa\/crisolfm\/wp-json\/wp\/v2\/comments?post=25519"}],"version-history":[{"count":1,"href":"https:\/\/sertv.gob.pa\/crisolfm\/wp-json\/wp\/v2\/posts\/25519\/revisions"}],"predecessor-version":[{"id":25521,"href":"https:\/\/sertv.gob.pa\/crisolfm\/wp-json\/wp\/v2\/posts\/25519\/revisions\/25521"}],"wp:featuredmedia":[{"embeddable":true,"href":"https:\/\/sertv.gob.pa\/crisolfm\/wp-json\/wp\/v2\/media\/25520"}],"wp:attachment":[{"href":"https:\/\/sertv.gob.pa\/crisolfm\/wp-json\/wp\/v2\/media?parent=25519"}],"wp:term":[{"taxonomy":"category","embeddable":true,"href":"https:\/\/sertv.gob.pa\/crisolfm\/wp-json\/wp\/v2\/categories?post=25519"},{"taxonomy":"post_tag","embeddable":true,"href":"https:\/\/sertv.gob.pa\/crisolfm\/wp-json\/wp\/v2\/tags?post=25519"}],"curies":[{"name":"wp","href":"https:\/\/api.w.org\/{rel}","templated":true}]}}