{"id":25523,"date":"2020-01-10T13:30:16","date_gmt":"2020-01-10T13:30:16","guid":{"rendered":"https:\/\/sertv.gob.pa\/crisolfm\/?p=25523"},"modified":"2020-01-10T13:30:16","modified_gmt":"2020-01-10T13:30:16","slug":"campana-de-reforestacion-para-proteger-machu-picchu","status":"publish","type":"post","link":"https:\/\/sertv.gob.pa\/crisolfm\/campana-de-reforestacion-para-proteger-machu-picchu\/","title":{"rendered":"Campa\u00f1a de reforestaci\u00f3n para proteger Machu Picchu"},"content":{"rendered":"<p><strong>El presidente peruano, Mart\u00edn Vizcarra<\/strong>, inici\u00f3 ayer la campa\u00f1a para reforestar con un mill\u00f3n de \u00e1rboles el santuario arqueol\u00f3gico <strong>Machu Picchu,<\/strong> a fin de proteger a la ciudadela inca contra las lluvias y deslizamientos. \u201cEstamos aqu\u00ed para empezar con la forestaci\u00f3n de un mill\u00f3n de \u00e1rboles en la zona de amortiguamiento del santuario de Machu Picchu\u201d, dijo el mandatario desde el distrito Machu Picchu, en la regi\u00f3n Cusco.<\/p>\n<p>Asegur\u00f3 que la meta del mill\u00f3n de \u00e1rboles \u201ces un compromiso del gobierno, de la regi\u00f3n, del municipio y de todos los ciudadanos que quieren proteger la maravilla del mundo\u201d.<\/p>\n<p>La antigua capital del imperio inca (siglos XV y XVI), en el distrito Machu Picchu, provincia Urubamba, 80 kil\u00f3metros al noroeste de la ciudad de Cusco, es desde hace a\u00f1os amenazada por intensas lluvias que provocan deslizamientos en invierno, y por incendios en verano.<\/p>\n<p>El domingo, la empresa operadora del tren hacia la ciudadela decidi\u00f3 restringir el servicio por el deslave de piedras y lodo por las lluvias.<\/p>\n<p>Especialistas del Ministerio de Ambiente sostienen la necesidad de sembrar \u00e1rboles en el cintur\u00f3n ecol\u00f3gico (zona amortiguamiento), que permitan proteger el santuario arqueol\u00f3gico y la flora y fauna que lo rodea.<\/p>\n<p>AFP<\/p>\n","protected":false},"excerpt":{"rendered":"<p>El presidente peruano, Mart\u00edn Vizcarra, inici\u00f3 ayer la campa\u00f1a para <a href=\"https:\/\/sertv.gob.pa\/crisolfm\/campana-de-reforestacion-para-proteger-machu-picchu\/\"> [&#8230;]<\/a><\/p>\n","protected":false},"author":64,"featured_media":25524,"comment_status":"closed","ping_status":"closed","sticky":false,"template":"","format":"standard","meta":{"footnotes":""},"categories":[7],"tags":[],"class_list":["post-25523","post","type-post","status-publish","format-standard","has-post-thumbnail","hentry","category-ecologicas"],"_links":{"self":[{"href":"https:\/\/sertv.gob.pa\/crisolfm\/wp-json\/wp\/v2\/posts\/25523","targetHints":{"allow":["GET"]}}],"collection":[{"href":"https:\/\/sertv.gob.pa\/crisolfm\/wp-json\/wp\/v2\/posts"}],"about":[{"href":"https:\/\/sertv.gob.pa\/crisolfm\/wp-json\/wp\/v2\/types\/post"}],"author":[{"embeddable":true,"href":"https:\/\/sertv.gob.pa\/crisolfm\/wp-json\/wp\/v2\/users\/64"}],"replies":[{"embeddable":true,"href":"https:\/\/sertv.gob.pa\/crisolfm\/wp-json\/wp\/v2\/comments?post=25523"}],"version-history":[{"count":1,"href":"https:\/\/sertv.gob.pa\/crisolfm\/wp-json\/wp\/v2\/posts\/25523\/revisions"}],"predecessor-version":[{"id":25525,"href":"https:\/\/sertv.gob.pa\/crisolfm\/wp-json\/wp\/v2\/posts\/25523\/revisions\/25525"}],"wp:featuredmedia":[{"embeddable":true,"href":"https:\/\/sertv.gob.pa\/crisolfm\/wp-json\/wp\/v2\/media\/25524"}],"wp:attachment":[{"href":"https:\/\/sertv.gob.pa\/crisolfm\/wp-json\/wp\/v2\/media?parent=25523"}],"wp:term":[{"taxonomy":"category","embeddable":true,"href":"https:\/\/sertv.gob.pa\/crisolfm\/wp-json\/wp\/v2\/categories?post=25523"},{"taxonomy":"post_tag","embeddable":true,"href":"https:\/\/sertv.gob.pa\/crisolfm\/wp-json\/wp\/v2\/tags?post=25523"}],"curies":[{"name":"wp","href":"https:\/\/api.w.org\/{rel}","templated":true}]}}