{"id":25526,"date":"2020-01-10T13:38:12","date_gmt":"2020-01-10T13:38:12","guid":{"rendered":"https:\/\/sertv.gob.pa\/crisolfm\/?p=25526"},"modified":"2020-01-10T13:38:12","modified_gmt":"2020-01-10T13:38:12","slug":"incendio-en-vertedero-de-chitre-ha-sido-controlado-en-un-35","status":"publish","type":"post","link":"https:\/\/sertv.gob.pa\/crisolfm\/incendio-en-vertedero-de-chitre-ha-sido-controlado-en-un-35\/","title":{"rendered":"Incendio en vertedero de Chitr\u00e9 ha sido controlado en un 35%"},"content":{"rendered":"<p>En un 35% ha sido sofocado el incendio en el vertedero municipal de Chitr\u00e9, cuyo humo t\u00f3xico contin\u00faa afectando a las poblaciones chitreanas y sante\u00f1as. El incendio fue reportado la tarde del mi\u00e9rcoles 8 de enero y se investiga si se origin\u00f3 espont\u00e1neamente o fue provocado.<\/p>\n<p>En una rueda de prensa efectuada la tarde de este jueves 9 de enero en el vertedero, el alcalde de Chitr\u00e9, Juan Carlos Huerta, manifest\u00f3 que aunque la noche de este mi\u00e9rcoles el fuego qued\u00f3 bastante controlado, el fuerte viento lo extendi\u00f3 a lo largo de todo el per\u00edmetro donde se depositan los desechos.<\/p>\n<p>Huerta asegur\u00f3 que a las labores de extinci\u00f3n se han sumado el personal de un grupo de instituciones de todas provincias centrales. A\u00f1adi\u00f3 que el Ministerio de Obras P\u00fablicas les est\u00e1 apoyando con algunos equipos, entre otras entidades que igualmente se han sumado a la jornada.<\/p>\n<p>Adelant\u00f3 que para hoy esperan tener 6 tractores, 4 retroexcavadoras, 12 volquetes y de 8 a 10 carros cisterna. \u00a0No obstante, el alcalde reconoci\u00f3 que aunque el fuego se sofoque quedar\u00e1 mucho humo en el ambiente.<\/p>\n<p>&nbsp;<\/p>\n","protected":false},"excerpt":{"rendered":"<p>En un 35% ha sido sofocado el incendio en el <a href=\"https:\/\/sertv.gob.pa\/crisolfm\/incendio-en-vertedero-de-chitre-ha-sido-controlado-en-un-35\/\"> [&#8230;]<\/a><\/p>\n","protected":false},"author":64,"featured_media":25527,"comment_status":"closed","ping_status":"closed","sticky":false,"template":"","format":"standard","meta":{"footnotes":""},"categories":[7],"tags":[],"class_list":["post-25526","post","type-post","status-publish","format-standard","has-post-thumbnail","hentry","category-ecologicas"],"_links":{"self":[{"href":"https:\/\/sertv.gob.pa\/crisolfm\/wp-json\/wp\/v2\/posts\/25526","targetHints":{"allow":["GET"]}}],"collection":[{"href":"https:\/\/sertv.gob.pa\/crisolfm\/wp-json\/wp\/v2\/posts"}],"about":[{"href":"https:\/\/sertv.gob.pa\/crisolfm\/wp-json\/wp\/v2\/types\/post"}],"author":[{"embeddable":true,"href":"https:\/\/sertv.gob.pa\/crisolfm\/wp-json\/wp\/v2\/users\/64"}],"replies":[{"embeddable":true,"href":"https:\/\/sertv.gob.pa\/crisolfm\/wp-json\/wp\/v2\/comments?post=25526"}],"version-history":[{"count":1,"href":"https:\/\/sertv.gob.pa\/crisolfm\/wp-json\/wp\/v2\/posts\/25526\/revisions"}],"predecessor-version":[{"id":25528,"href":"https:\/\/sertv.gob.pa\/crisolfm\/wp-json\/wp\/v2\/posts\/25526\/revisions\/25528"}],"wp:featuredmedia":[{"embeddable":true,"href":"https:\/\/sertv.gob.pa\/crisolfm\/wp-json\/wp\/v2\/media\/25527"}],"wp:attachment":[{"href":"https:\/\/sertv.gob.pa\/crisolfm\/wp-json\/wp\/v2\/media?parent=25526"}],"wp:term":[{"taxonomy":"category","embeddable":true,"href":"https:\/\/sertv.gob.pa\/crisolfm\/wp-json\/wp\/v2\/categories?post=25526"},{"taxonomy":"post_tag","embeddable":true,"href":"https:\/\/sertv.gob.pa\/crisolfm\/wp-json\/wp\/v2\/tags?post=25526"}],"curies":[{"name":"wp","href":"https:\/\/api.w.org\/{rel}","templated":true}]}}