{"id":25541,"date":"2020-01-10T14:20:47","date_gmt":"2020-01-10T14:20:47","guid":{"rendered":"https:\/\/sertv.gob.pa\/crisolfm\/?p=25541"},"modified":"2020-01-10T14:20:47","modified_gmt":"2020-01-10T14:20:47","slug":"el-carnaval-de-rio-de-janeiro-durara-50-dias-este-ano","status":"publish","type":"post","link":"https:\/\/sertv.gob.pa\/crisolfm\/el-carnaval-de-rio-de-janeiro-durara-50-dias-este-ano\/","title":{"rendered":"El Carnaval de R\u00edo de Janeiro durar\u00e1 50 d\u00edas este a\u00f1o"},"content":{"rendered":"<p>El Carnaval de R\u00edo de Janeiro, la fiesta m\u00e1s emblem\u00e1tica de Brasil, ampliar\u00e1 sus celebraciones este a\u00f1o y se prolongar\u00e1 por 50 d\u00edas, en una estrategia que busca atraer un mayor n\u00famero de turistas y batir un nuevo r\u00e9cord de visitantes.<\/p>\n<p>La fiesta comenzar\u00e1 este domingo 12 de enero con el conocido como \u00abprecarnaval\u00bb y se extender\u00e1 hasta el pr\u00f3ximo 1 de marzo con el desfile de las escuelas ganadoras, 50 d\u00edas en los que la ciudad espera la visita de 1,9 millones de turistas.<\/p>\n<p>En total, 543 \u00abblocos de rua\u00bb o desfiles callejeros vestir\u00e1n de m\u00fasica las calles de R\u00edo de Janeiro desde el precarnaval, donde son esperados unos siete millones de personas, seg\u00fan datos divulgados este mi\u00e9rcoles por la Alcald\u00eda de la ciudad.<\/p>\n<p>El tradicional desfile de las escuelas de samba se realizar\u00e1 entre el 23 y 24 de febrero, pero las comparsas \u00abde rua\u00bb continuar\u00e1n hasta el 1 de marzo.<\/p>\n<p>El Carnaval de R\u00edo es el evento m\u00e1s importante de la ciudad y el que genera las mayores ganancias entre todas las actividades tur\u00edsticas que promociona.<\/p>\n<h3>EFE<\/h3>\n<p>&nbsp;<\/p>\n","protected":false},"excerpt":{"rendered":"<p>El Carnaval de R\u00edo de Janeiro, la fiesta m\u00e1s emblem\u00e1tica <a href=\"https:\/\/sertv.gob.pa\/crisolfm\/el-carnaval-de-rio-de-janeiro-durara-50-dias-este-ano\/\"> [&#8230;]<\/a><\/p>\n","protected":false},"author":64,"featured_media":25542,"comment_status":"closed","ping_status":"closed","sticky":false,"template":"","format":"standard","meta":{"footnotes":""},"categories":[6],"tags":[],"class_list":["post-25541","post","type-post","status-publish","format-standard","has-post-thumbnail","hentry","category-culturales"],"_links":{"self":[{"href":"https:\/\/sertv.gob.pa\/crisolfm\/wp-json\/wp\/v2\/posts\/25541","targetHints":{"allow":["GET"]}}],"collection":[{"href":"https:\/\/sertv.gob.pa\/crisolfm\/wp-json\/wp\/v2\/posts"}],"about":[{"href":"https:\/\/sertv.gob.pa\/crisolfm\/wp-json\/wp\/v2\/types\/post"}],"author":[{"embeddable":true,"href":"https:\/\/sertv.gob.pa\/crisolfm\/wp-json\/wp\/v2\/users\/64"}],"replies":[{"embeddable":true,"href":"https:\/\/sertv.gob.pa\/crisolfm\/wp-json\/wp\/v2\/comments?post=25541"}],"version-history":[{"count":1,"href":"https:\/\/sertv.gob.pa\/crisolfm\/wp-json\/wp\/v2\/posts\/25541\/revisions"}],"predecessor-version":[{"id":25543,"href":"https:\/\/sertv.gob.pa\/crisolfm\/wp-json\/wp\/v2\/posts\/25541\/revisions\/25543"}],"wp:featuredmedia":[{"embeddable":true,"href":"https:\/\/sertv.gob.pa\/crisolfm\/wp-json\/wp\/v2\/media\/25542"}],"wp:attachment":[{"href":"https:\/\/sertv.gob.pa\/crisolfm\/wp-json\/wp\/v2\/media?parent=25541"}],"wp:term":[{"taxonomy":"category","embeddable":true,"href":"https:\/\/sertv.gob.pa\/crisolfm\/wp-json\/wp\/v2\/categories?post=25541"},{"taxonomy":"post_tag","embeddable":true,"href":"https:\/\/sertv.gob.pa\/crisolfm\/wp-json\/wp\/v2\/tags?post=25541"}],"curies":[{"name":"wp","href":"https:\/\/api.w.org\/{rel}","templated":true}]}}