{"id":25544,"date":"2020-01-10T14:26:27","date_gmt":"2020-01-10T14:26:27","guid":{"rendered":"https:\/\/sertv.gob.pa\/crisolfm\/?p=25544"},"modified":"2020-01-10T14:26:27","modified_gmt":"2020-01-10T14:26:27","slug":"los-premio-platino-se-celebraran-el-3-de-mayo-en-la-riviera-maya","status":"publish","type":"post","link":"https:\/\/sertv.gob.pa\/crisolfm\/los-premio-platino-se-celebraran-el-3-de-mayo-en-la-riviera-maya\/","title":{"rendered":"Los Premio Platino se celebrar\u00e1n el 3 de mayo en la Riviera Maya"},"content":{"rendered":"<p>El pr\u00f3ximo 3 de mayo la gala de los Premios Platino -premios globales de la industria audiovisual de los 23 pa\u00edses iberoamericanos- se celebrar\u00e1 por tercera vez en el teatro Gran Tlachco de Xcaret, en la Riviera Maya de M\u00e9xico, una ceremonia que ser\u00e1 emitida en directo a trav\u00e9s del canal TNT.<\/p>\n<p>Seg\u00fan inform\u00f3 la organizaci\u00f3n de estos galardones, tras terminar una etapa inicial en la que pasaron por Panam\u00e1 (2014), Espa\u00f1a (2015), Uruguay (2016), Espa\u00f1a (2017) y M\u00e9xico (2018 y 2019) los Platino \u00abquieren dar continuidad a un destino\u00bb que ha demostrado \u00abser un punto de encuentro inigualable para mostrar la excelencia de nuestro cine y dar protagonismo a la industria y al talento iberoamericano\u00bb.<\/p>\n<p>Promovidos por EGEDA (Entidad de Gesti\u00f3n de Derechos de los Productores Audiovisuales), por FIPCA (Federaci\u00f3n Iberoamericana de Productores Cinematogr\u00e1ficos y Audiovisuales) y con el apoyo de las Academias e Institutos de cine iberoamericanos, Latin Artis y la Fundaci\u00f3n AISGE, ser\u00e1n retransmitidos por TNT (Warner Media), canal que transmite tambi\u00e9n los Grammy, Oscar o Globos de Oro en Am\u00e9rica Latina.<\/p>\n<p>As\u00ed, desde este punto de M\u00e9xico los espectadores podr\u00e1n ver a los representantes m\u00e1s importantes de la industria audiovisual en Iberoam\u00e9rica como directores, productores e int\u00e9rpretes de talla internacional, as\u00ed como los talentos m\u00e1s destacados de cada uno de los pa\u00edses que hacen de los Premios Platino \u00abel evento m\u00e1s importante del cine y la cultura iberoamericana\u00bb, destacaron.<\/p>\n<p>EFE<\/p>\n","protected":false},"excerpt":{"rendered":"<p>El pr\u00f3ximo 3 de mayo la gala de los Premios <a href=\"https:\/\/sertv.gob.pa\/crisolfm\/los-premio-platino-se-celebraran-el-3-de-mayo-en-la-riviera-maya\/\"> [&#8230;]<\/a><\/p>\n","protected":false},"author":64,"featured_media":25545,"comment_status":"closed","ping_status":"closed","sticky":false,"template":"","format":"standard","meta":{"footnotes":""},"categories":[6],"tags":[],"class_list":["post-25544","post","type-post","status-publish","format-standard","has-post-thumbnail","hentry","category-culturales"],"_links":{"self":[{"href":"https:\/\/sertv.gob.pa\/crisolfm\/wp-json\/wp\/v2\/posts\/25544","targetHints":{"allow":["GET"]}}],"collection":[{"href":"https:\/\/sertv.gob.pa\/crisolfm\/wp-json\/wp\/v2\/posts"}],"about":[{"href":"https:\/\/sertv.gob.pa\/crisolfm\/wp-json\/wp\/v2\/types\/post"}],"author":[{"embeddable":true,"href":"https:\/\/sertv.gob.pa\/crisolfm\/wp-json\/wp\/v2\/users\/64"}],"replies":[{"embeddable":true,"href":"https:\/\/sertv.gob.pa\/crisolfm\/wp-json\/wp\/v2\/comments?post=25544"}],"version-history":[{"count":1,"href":"https:\/\/sertv.gob.pa\/crisolfm\/wp-json\/wp\/v2\/posts\/25544\/revisions"}],"predecessor-version":[{"id":25546,"href":"https:\/\/sertv.gob.pa\/crisolfm\/wp-json\/wp\/v2\/posts\/25544\/revisions\/25546"}],"wp:featuredmedia":[{"embeddable":true,"href":"https:\/\/sertv.gob.pa\/crisolfm\/wp-json\/wp\/v2\/media\/25545"}],"wp:attachment":[{"href":"https:\/\/sertv.gob.pa\/crisolfm\/wp-json\/wp\/v2\/media?parent=25544"}],"wp:term":[{"taxonomy":"category","embeddable":true,"href":"https:\/\/sertv.gob.pa\/crisolfm\/wp-json\/wp\/v2\/categories?post=25544"},{"taxonomy":"post_tag","embeddable":true,"href":"https:\/\/sertv.gob.pa\/crisolfm\/wp-json\/wp\/v2\/tags?post=25544"}],"curies":[{"name":"wp","href":"https:\/\/api.w.org\/{rel}","templated":true}]}}