{"id":25547,"date":"2020-01-10T14:29:39","date_gmt":"2020-01-10T14:29:39","guid":{"rendered":"https:\/\/sertv.gob.pa\/crisolfm\/?p=25547"},"modified":"2020-01-10T14:29:39","modified_gmt":"2020-01-10T14:29:39","slug":"los-incendios-en-la-amazonia-brasilena-crecieron-un-30-en-2019","status":"publish","type":"post","link":"https:\/\/sertv.gob.pa\/crisolfm\/los-incendios-en-la-amazonia-brasilena-crecieron-un-30-en-2019\/","title":{"rendered":"Los incendios en la Amazon\u00eda brasile\u00f1a crecieron un 30 % en 2019"},"content":{"rendered":"<p>El n\u00famero de incendios forestales en la Amazon\u00eda brasile\u00f1a aument\u00f3 en un 30 % en el \u00faltimo a\u00f1o, desde 68.345 en 2018 hasta 89.178 en 2019, pero la situaci\u00f3n no lleg\u00f3 a ser tan grave como en 2017, cuando se registr\u00f3 un r\u00e9cord de 107.439 focos de fuego, inform\u00f3 este mi\u00e9rcoles el Gobierno.<\/p>\n<p>De acuerdo con un estudio divulgado por el Instituto Nacional de Pesquisa Espacial (INPE), 2019 fue el tercer a\u00f1o con mayor n\u00famero de incendios forestales en la Amazon\u00eda desde que el organismo comenz\u00f3 a contabilizar los focos de fuego con la ayuda de im\u00e1genes de sat\u00e9lite en 1998.<\/p>\n<p>El n\u00famero de incendios en el considerado mayor pulm\u00f3n vegetal del mundo en 2019 fue en un 17 % inferior al de 2017 y tambi\u00e9n fue menor que en 2010 (106.438).<\/p>\n<p>As\u00ed como ocurre actualmente en Australia, el salto del n\u00famero de focos de fuego en la parte brasile\u00f1a de la mayor selva tropical del mundo en agosto pasado lleg\u00f3 a generar una alarma internacional.<\/p>\n<p>EFE<\/p>\n","protected":false},"excerpt":{"rendered":"<p>El n\u00famero de incendios forestales en la Amazon\u00eda brasile\u00f1a aument\u00f3 <a href=\"https:\/\/sertv.gob.pa\/crisolfm\/los-incendios-en-la-amazonia-brasilena-crecieron-un-30-en-2019\/\"> [&#8230;]<\/a><\/p>\n","protected":false},"author":64,"featured_media":25548,"comment_status":"closed","ping_status":"closed","sticky":false,"template":"","format":"standard","meta":{"footnotes":""},"categories":[7],"tags":[],"class_list":["post-25547","post","type-post","status-publish","format-standard","has-post-thumbnail","hentry","category-ecologicas"],"_links":{"self":[{"href":"https:\/\/sertv.gob.pa\/crisolfm\/wp-json\/wp\/v2\/posts\/25547","targetHints":{"allow":["GET"]}}],"collection":[{"href":"https:\/\/sertv.gob.pa\/crisolfm\/wp-json\/wp\/v2\/posts"}],"about":[{"href":"https:\/\/sertv.gob.pa\/crisolfm\/wp-json\/wp\/v2\/types\/post"}],"author":[{"embeddable":true,"href":"https:\/\/sertv.gob.pa\/crisolfm\/wp-json\/wp\/v2\/users\/64"}],"replies":[{"embeddable":true,"href":"https:\/\/sertv.gob.pa\/crisolfm\/wp-json\/wp\/v2\/comments?post=25547"}],"version-history":[{"count":1,"href":"https:\/\/sertv.gob.pa\/crisolfm\/wp-json\/wp\/v2\/posts\/25547\/revisions"}],"predecessor-version":[{"id":25549,"href":"https:\/\/sertv.gob.pa\/crisolfm\/wp-json\/wp\/v2\/posts\/25547\/revisions\/25549"}],"wp:featuredmedia":[{"embeddable":true,"href":"https:\/\/sertv.gob.pa\/crisolfm\/wp-json\/wp\/v2\/media\/25548"}],"wp:attachment":[{"href":"https:\/\/sertv.gob.pa\/crisolfm\/wp-json\/wp\/v2\/media?parent=25547"}],"wp:term":[{"taxonomy":"category","embeddable":true,"href":"https:\/\/sertv.gob.pa\/crisolfm\/wp-json\/wp\/v2\/categories?post=25547"},{"taxonomy":"post_tag","embeddable":true,"href":"https:\/\/sertv.gob.pa\/crisolfm\/wp-json\/wp\/v2\/tags?post=25547"}],"curies":[{"name":"wp","href":"https:\/\/api.w.org\/{rel}","templated":true}]}}