{"id":25550,"date":"2020-01-10T14:42:02","date_gmt":"2020-01-10T14:42:02","guid":{"rendered":"https:\/\/sertv.gob.pa\/crisolfm\/?p=25550"},"modified":"2020-01-10T14:42:02","modified_gmt":"2020-01-10T14:42:02","slug":"mas-de-1500-ninos-y-ninas-se-preparan-para-el-veranito-divertido","status":"publish","type":"post","link":"https:\/\/sertv.gob.pa\/crisolfm\/mas-de-1500-ninos-y-ninas-se-preparan-para-el-veranito-divertido\/","title":{"rendered":"M\u00e1s de 1,500 ni\u00f1os y ni\u00f1as se preparan para el Veranito Divertido"},"content":{"rendered":"<p>Con la llegada del verano\u00a0la Junta Comunal de Don Bosco ha preparado una serie de eventos deportivos y culturales gratuitos denominado \u00abVeranito Deportivo\u00bb para\u00a0m\u00e1s de 1,500 ni\u00f1os y ni\u00f1as que habitan esta comunidad localizada al este del pa\u00eds.\u00a0Los participantes recibir\u00e1n\u00a0talleres de cultura, pintura, m\u00fasica, cinematograf\u00eda, cuentos, danza, narrativa creativa y percusi\u00f3n.<\/p>\n<p>El punto de encuentro para estas clases ser\u00e1 el Instituto Profesional y T\u00e9cnico Don Bosco, en horarios de 9:00 de la ma\u00f1ana\u00a0a 12: 00 mediod\u00eda a partir del 13 de enero hasta el 7 de febrero\u00bb, seg\u00fan explic\u00f3 Yarelis Cede\u00f1o, coordinadora cultural de la Junta Comunal.<\/p>\n","protected":false},"excerpt":{"rendered":"<p>Con la llegada del verano\u00a0la Junta Comunal de Don Bosco <a href=\"https:\/\/sertv.gob.pa\/crisolfm\/mas-de-1500-ninos-y-ninas-se-preparan-para-el-veranito-divertido\/\"> [&#8230;]<\/a><\/p>\n","protected":false},"author":64,"featured_media":25551,"comment_status":"closed","ping_status":"closed","sticky":false,"template":"","format":"standard","meta":{"footnotes":""},"categories":[6],"tags":[],"class_list":["post-25550","post","type-post","status-publish","format-standard","has-post-thumbnail","hentry","category-culturales"],"_links":{"self":[{"href":"https:\/\/sertv.gob.pa\/crisolfm\/wp-json\/wp\/v2\/posts\/25550","targetHints":{"allow":["GET"]}}],"collection":[{"href":"https:\/\/sertv.gob.pa\/crisolfm\/wp-json\/wp\/v2\/posts"}],"about":[{"href":"https:\/\/sertv.gob.pa\/crisolfm\/wp-json\/wp\/v2\/types\/post"}],"author":[{"embeddable":true,"href":"https:\/\/sertv.gob.pa\/crisolfm\/wp-json\/wp\/v2\/users\/64"}],"replies":[{"embeddable":true,"href":"https:\/\/sertv.gob.pa\/crisolfm\/wp-json\/wp\/v2\/comments?post=25550"}],"version-history":[{"count":1,"href":"https:\/\/sertv.gob.pa\/crisolfm\/wp-json\/wp\/v2\/posts\/25550\/revisions"}],"predecessor-version":[{"id":25552,"href":"https:\/\/sertv.gob.pa\/crisolfm\/wp-json\/wp\/v2\/posts\/25550\/revisions\/25552"}],"wp:featuredmedia":[{"embeddable":true,"href":"https:\/\/sertv.gob.pa\/crisolfm\/wp-json\/wp\/v2\/media\/25551"}],"wp:attachment":[{"href":"https:\/\/sertv.gob.pa\/crisolfm\/wp-json\/wp\/v2\/media?parent=25550"}],"wp:term":[{"taxonomy":"category","embeddable":true,"href":"https:\/\/sertv.gob.pa\/crisolfm\/wp-json\/wp\/v2\/categories?post=25550"},{"taxonomy":"post_tag","embeddable":true,"href":"https:\/\/sertv.gob.pa\/crisolfm\/wp-json\/wp\/v2\/tags?post=25550"}],"curies":[{"name":"wp","href":"https:\/\/api.w.org\/{rel}","templated":true}]}}