{"id":25553,"date":"2020-01-10T14:51:03","date_gmt":"2020-01-10T14:51:03","guid":{"rendered":"https:\/\/sertv.gob.pa\/crisolfm\/?p=25553"},"modified":"2020-01-10T14:51:03","modified_gmt":"2020-01-10T14:51:03","slug":"italia-se-prepara-a-rendir-homenaje-al-celebre-artista-renacentista-rafael","status":"publish","type":"post","link":"https:\/\/sertv.gob.pa\/crisolfm\/italia-se-prepara-a-rendir-homenaje-al-celebre-artista-renacentista-rafael\/","title":{"rendered":"Italia se prepara a rendir homenaje al c\u00e9lebre artista renacentista Rafael"},"content":{"rendered":"<p style=\"text-align: justify\">Despu\u00e9s del a\u00f1o dedicado a Leonardo, le lleg\u00f3 el turno a otro gran artista italiano del Renacimiento, Rafael Sanzio, a quien Italia rinde homenaje en el 2020 por los 500 a\u00f1os de su muerte con una serie de exposiciones.<\/p>\n<p style=\"text-align: justify\">Pintor, dise\u00f1ador y arquitecto, el bello Rafael, como lo llamaban, fue un ni\u00f1o prodigio y goz\u00f3 de fama desde muy joven. C\u00e9lebre por la perfecci\u00f3n y gracia de sus\u00a0pinturas y\u00a0dibujos, junto con\u00a0Miguel \u00c1ngel\u00a0y Leonardo da Vinci\u00a0forma parte del tr\u00edo de grandes maestros de ese periodo.<\/p>\n<p style=\"text-align: justify\">Despedido con un grandioso funeral en el Vaticano, muri\u00f3 a los 37 a\u00f1os, el 6 de abril de 1520, y fue enterrado en el Pante\u00f3n de Roma, donde su tumba a\u00fan se puede visitar, por lo que una rosa roja ser\u00e1 colocada a lo largo de todo el a\u00f1o.<\/p>\n<p style=\"text-align: justify\">Italia le dedicar\u00e1 una serie de exposiciones en Roma, Urbino, su ciudad de nacimiento, y Mil\u00e1n.<\/p>\n<p style=\"text-align: justify\">A pesar de su muerte prematura, dej\u00f3 una extensa obra, la mayor parte de ella se encuentra en el Museo Vaticano, donde decor\u00f3 con frescos las habitaciones conocidas como las\u00a0Estancias de Rafael, que quedaron sin terminar a causa de su muerte y fueron completadas por ayudantes.<\/p>\n<p style=\"text-align: justify\">AFP<\/p>\n","protected":false},"excerpt":{"rendered":"<p>Despu\u00e9s del a\u00f1o dedicado a Leonardo, le lleg\u00f3 el turno <a href=\"https:\/\/sertv.gob.pa\/crisolfm\/italia-se-prepara-a-rendir-homenaje-al-celebre-artista-renacentista-rafael\/\"> [&#8230;]<\/a><\/p>\n","protected":false},"author":64,"featured_media":25554,"comment_status":"closed","ping_status":"closed","sticky":false,"template":"","format":"standard","meta":{"footnotes":""},"categories":[6],"tags":[],"class_list":["post-25553","post","type-post","status-publish","format-standard","has-post-thumbnail","hentry","category-culturales"],"_links":{"self":[{"href":"https:\/\/sertv.gob.pa\/crisolfm\/wp-json\/wp\/v2\/posts\/25553","targetHints":{"allow":["GET"]}}],"collection":[{"href":"https:\/\/sertv.gob.pa\/crisolfm\/wp-json\/wp\/v2\/posts"}],"about":[{"href":"https:\/\/sertv.gob.pa\/crisolfm\/wp-json\/wp\/v2\/types\/post"}],"author":[{"embeddable":true,"href":"https:\/\/sertv.gob.pa\/crisolfm\/wp-json\/wp\/v2\/users\/64"}],"replies":[{"embeddable":true,"href":"https:\/\/sertv.gob.pa\/crisolfm\/wp-json\/wp\/v2\/comments?post=25553"}],"version-history":[{"count":1,"href":"https:\/\/sertv.gob.pa\/crisolfm\/wp-json\/wp\/v2\/posts\/25553\/revisions"}],"predecessor-version":[{"id":25555,"href":"https:\/\/sertv.gob.pa\/crisolfm\/wp-json\/wp\/v2\/posts\/25553\/revisions\/25555"}],"wp:featuredmedia":[{"embeddable":true,"href":"https:\/\/sertv.gob.pa\/crisolfm\/wp-json\/wp\/v2\/media\/25554"}],"wp:attachment":[{"href":"https:\/\/sertv.gob.pa\/crisolfm\/wp-json\/wp\/v2\/media?parent=25553"}],"wp:term":[{"taxonomy":"category","embeddable":true,"href":"https:\/\/sertv.gob.pa\/crisolfm\/wp-json\/wp\/v2\/categories?post=25553"},{"taxonomy":"post_tag","embeddable":true,"href":"https:\/\/sertv.gob.pa\/crisolfm\/wp-json\/wp\/v2\/tags?post=25553"}],"curies":[{"name":"wp","href":"https:\/\/api.w.org\/{rel}","templated":true}]}}