{"id":25569,"date":"2020-01-13T13:32:28","date_gmt":"2020-01-13T13:32:28","guid":{"rendered":"https:\/\/sertv.gob.pa\/crisolfm\/?p=25569"},"modified":"2020-01-13T13:32:28","modified_gmt":"2020-01-13T13:32:28","slug":"presentan-obra-la-dimension-humana-del-planeta-voces-multiples-para-un-desarrollo-sostenible","status":"publish","type":"post","link":"https:\/\/sertv.gob.pa\/crisolfm\/presentan-obra-la-dimension-humana-del-planeta-voces-multiples-para-un-desarrollo-sostenible\/","title":{"rendered":"Presentan obra \u201cLa dimensi\u00f3n humana del planeta: Voces M\u00faltiples para un Desarrollo Sostenible\u201d"},"content":{"rendered":"<p>El profesor y periodista paname\u00f1o Modesto Tu\u00f1\u00f3n presentar\u00e1 este 23 de enero, en la Biblioteca Nacional Ernesto J. Castillero, su m\u00e1s reciente obra, \u201cLa dimensi\u00f3n humana del planeta: Voces M\u00faltiples para un Desarrollo Sostenible\u201d.<\/p>\n<p>El escritor explica que la publicaci\u00f3n es un compendio de 30 entrevistas a personalidades internacionales, entre ellos exministros, diplom\u00e1ticos, cient\u00edficos e investigadores, quienes explican desde su propia perspectiva la relaci\u00f3n de los grupos humanos con los recursos naturales, medio ambiente con miras hacia el desarrollo sostenible y un plan de acci\u00f3n a favor de las personas y el planeta.<\/p>\n<p>El intelectual asegura que su libro expone la realidad ambiental mundial durante la primera d\u00e9cada del siglo XXI, una etapa en que se buscaba un nuevo acuerdo global que sustituyera al Protocolo de Kioto (Acuerdo de Par\u00eds desde el 2015), el cual tiene como prop\u00f3sito disminuir las emisiones de seis gases de efecto invernadero que ocasionan el calentamiento global.<\/p>\n<p>&nbsp;<\/p>\n","protected":false},"excerpt":{"rendered":"<p>El profesor y periodista paname\u00f1o Modesto Tu\u00f1\u00f3n presentar\u00e1 este 23 <a href=\"https:\/\/sertv.gob.pa\/crisolfm\/presentan-obra-la-dimension-humana-del-planeta-voces-multiples-para-un-desarrollo-sostenible\/\"> [&#8230;]<\/a><\/p>\n","protected":false},"author":64,"featured_media":25570,"comment_status":"closed","ping_status":"closed","sticky":false,"template":"","format":"standard","meta":{"footnotes":""},"categories":[6],"tags":[],"class_list":["post-25569","post","type-post","status-publish","format-standard","has-post-thumbnail","hentry","category-culturales"],"_links":{"self":[{"href":"https:\/\/sertv.gob.pa\/crisolfm\/wp-json\/wp\/v2\/posts\/25569","targetHints":{"allow":["GET"]}}],"collection":[{"href":"https:\/\/sertv.gob.pa\/crisolfm\/wp-json\/wp\/v2\/posts"}],"about":[{"href":"https:\/\/sertv.gob.pa\/crisolfm\/wp-json\/wp\/v2\/types\/post"}],"author":[{"embeddable":true,"href":"https:\/\/sertv.gob.pa\/crisolfm\/wp-json\/wp\/v2\/users\/64"}],"replies":[{"embeddable":true,"href":"https:\/\/sertv.gob.pa\/crisolfm\/wp-json\/wp\/v2\/comments?post=25569"}],"version-history":[{"count":1,"href":"https:\/\/sertv.gob.pa\/crisolfm\/wp-json\/wp\/v2\/posts\/25569\/revisions"}],"predecessor-version":[{"id":25571,"href":"https:\/\/sertv.gob.pa\/crisolfm\/wp-json\/wp\/v2\/posts\/25569\/revisions\/25571"}],"wp:featuredmedia":[{"embeddable":true,"href":"https:\/\/sertv.gob.pa\/crisolfm\/wp-json\/wp\/v2\/media\/25570"}],"wp:attachment":[{"href":"https:\/\/sertv.gob.pa\/crisolfm\/wp-json\/wp\/v2\/media?parent=25569"}],"wp:term":[{"taxonomy":"category","embeddable":true,"href":"https:\/\/sertv.gob.pa\/crisolfm\/wp-json\/wp\/v2\/categories?post=25569"},{"taxonomy":"post_tag","embeddable":true,"href":"https:\/\/sertv.gob.pa\/crisolfm\/wp-json\/wp\/v2\/tags?post=25569"}],"curies":[{"name":"wp","href":"https:\/\/api.w.org\/{rel}","templated":true}]}}