{"id":25572,"date":"2020-01-13T13:38:08","date_gmt":"2020-01-13T13:38:08","guid":{"rendered":"https:\/\/sertv.gob.pa\/crisolfm\/?p=25572"},"modified":"2020-01-13T13:38:08","modified_gmt":"2020-01-13T13:38:08","slug":"benedicto-xvi-defiende-el-celibato-en-un-libro-escrito-con-el-cardenal-sarah","status":"publish","type":"post","link":"https:\/\/sertv.gob.pa\/crisolfm\/benedicto-xvi-defiende-el-celibato-en-un-libro-escrito-con-el-cardenal-sarah\/","title":{"rendered":"Benedicto XVI defiende el celibato en un libro escrito con el cardenal Sarah"},"content":{"rendered":"<p>El papa em\u00e9rito Benedicto XVI y el cardenal Robert Sarah han escrito un libro, que se publicar\u00e1 el pr\u00f3ximo 15 de enero, en el que el pont\u00edfice defiende el celibato de los sacerdotes, despu\u00e9s de que en el \u00faltimo s\u00ednodo se propusiese ordenar a hombres casados en la Amazon\u00eda.<\/p>\n<p>Joseph Ratzinger rompe de nuevo el silencio que prometi\u00f3 tras su renuncia al pontificado en febrero de 2013 con este volumen titulado \u00abDe profondeurs de nos coeurs\u00bb (Desde el profundo de nuestro coraz\u00f3n) que ser\u00e1 publicado en franc\u00e9s por la casa editorial Fayard, seg\u00fan anunci\u00f3 el editor Nicolas Diat y el mismo cardenal Sarah en su cuenta en Twitter.<\/p>\n<p>\u00abCreo que el celibato\u00bb de los sacerdotes \u00abtiene un gran significado\u00bb y es \u00abindispensable para que nuestro viaje hacia Dios siga siendo la base de nuestra vida\u00bb escribe en este libro Benedicto XVI, seg\u00fan adelant\u00f3 por su parte el diario Le Figaro.<\/p>\n<p>Seg\u00fan el diario franc\u00e9s, tanto Ratzinger como el cardenal de la Rep\u00fablica de Guinea y prefecto de la Congregaci\u00f3n para el Culto Divino y la Disciplina de los Sacramentos escriben: \u00abNo puedo callar\u00bb, citando una frase de San Agust\u00edn para referirse a su postura contra la ordenaci\u00f3n sacerdotal de los hombres casados.<\/p>\n<p>El nuevo libro del papa em\u00e9rito y del cardenal Sarah, uno de los mayores cr\u00edticos con algunas posturas de Francisco, se adelanta a la exhortaci\u00f3n apost\u00f3lica que el papa argentino deber\u00e1 publicar en los pr\u00f3ximos meses sobre el S\u00ednodo de la Amazon\u00eda y donde se esperaba una respuesta a la petici\u00f3n aprobada por la Asamblea de los obispos de ordenar a hombres casados para llegar a las zonas m\u00e1s remotas.<\/p>\n<p>\u00abNos hemos encontrado y hemos intercambiado nuestras ideas y nuestras preocupaciones\u00bb, escriben Ratzinger y Sarah, quienes aseguran que \u00ablo hacen con un esp\u00edritu de amor y unidad en la Iglesia\u00bb.<\/p>\n<p>En abril del a\u00f1o pasado, Ratzinger, de 92 a\u00f1os, public\u00f3 un documento de 18 p\u00e1ginas en el que reflexionaba sobre la Iglesia y los abusos sexuales, lo que volvi\u00f3 a reabrir el debate sobre la delicada presencia de los dos papas en el Vaticano.<\/p>\n<p>Con la publicaci\u00f3n de este libro se reabrir\u00e1 de nuevo el debate sobre c\u00f3mo se deber\u00eda comportar un papa em\u00e9rito y el alcance que pueden tener sus textos.<\/p>\n<p>EFE<\/p>\n","protected":false},"excerpt":{"rendered":"<p>El papa em\u00e9rito Benedicto XVI y el cardenal Robert Sarah <a href=\"https:\/\/sertv.gob.pa\/crisolfm\/benedicto-xvi-defiende-el-celibato-en-un-libro-escrito-con-el-cardenal-sarah\/\"> [&#8230;]<\/a><\/p>\n","protected":false},"author":64,"featured_media":25573,"comment_status":"closed","ping_status":"closed","sticky":false,"template":"","format":"standard","meta":{"footnotes":""},"categories":[6],"tags":[],"class_list":["post-25572","post","type-post","status-publish","format-standard","has-post-thumbnail","hentry","category-culturales"],"_links":{"self":[{"href":"https:\/\/sertv.gob.pa\/crisolfm\/wp-json\/wp\/v2\/posts\/25572","targetHints":{"allow":["GET"]}}],"collection":[{"href":"https:\/\/sertv.gob.pa\/crisolfm\/wp-json\/wp\/v2\/posts"}],"about":[{"href":"https:\/\/sertv.gob.pa\/crisolfm\/wp-json\/wp\/v2\/types\/post"}],"author":[{"embeddable":true,"href":"https:\/\/sertv.gob.pa\/crisolfm\/wp-json\/wp\/v2\/users\/64"}],"replies":[{"embeddable":true,"href":"https:\/\/sertv.gob.pa\/crisolfm\/wp-json\/wp\/v2\/comments?post=25572"}],"version-history":[{"count":1,"href":"https:\/\/sertv.gob.pa\/crisolfm\/wp-json\/wp\/v2\/posts\/25572\/revisions"}],"predecessor-version":[{"id":25574,"href":"https:\/\/sertv.gob.pa\/crisolfm\/wp-json\/wp\/v2\/posts\/25572\/revisions\/25574"}],"wp:featuredmedia":[{"embeddable":true,"href":"https:\/\/sertv.gob.pa\/crisolfm\/wp-json\/wp\/v2\/media\/25573"}],"wp:attachment":[{"href":"https:\/\/sertv.gob.pa\/crisolfm\/wp-json\/wp\/v2\/media?parent=25572"}],"wp:term":[{"taxonomy":"category","embeddable":true,"href":"https:\/\/sertv.gob.pa\/crisolfm\/wp-json\/wp\/v2\/categories?post=25572"},{"taxonomy":"post_tag","embeddable":true,"href":"https:\/\/sertv.gob.pa\/crisolfm\/wp-json\/wp\/v2\/tags?post=25572"}],"curies":[{"name":"wp","href":"https:\/\/api.w.org\/{rel}","templated":true}]}}