{"id":25578,"date":"2020-01-13T13:50:29","date_gmt":"2020-01-13T13:50:29","guid":{"rendered":"https:\/\/sertv.gob.pa\/crisolfm\/?p=25578"},"modified":"2020-01-13T13:50:29","modified_gmt":"2020-01-13T13:50:29","slug":"inician-trabajos-para-reflotar-la-gabarra-hundida-en-galapagos-en-diciembre","status":"publish","type":"post","link":"https:\/\/sertv.gob.pa\/crisolfm\/inician-trabajos-para-reflotar-la-gabarra-hundida-en-galapagos-en-diciembre\/","title":{"rendered":"Inician trabajos para reflotar la gabarra hundida en Gal\u00e1pagos en diciembre"},"content":{"rendered":"<p>El ministro ecuatoriano de Ambiente, Ra\u00fal Ledesma, inform\u00f3 este s\u00e1bado del inicio de los trabajos para reflotar una gabarra que se hundi\u00f3 en diciembre pasado en el archipi\u00e9lago de Gal\u00e1pagos.<\/p>\n<p>\u00abNos mantenemos vigilantes a las operaciones de reflotamiento de la gabarra Orca, en la isla San Crist\u00f3bal, Gal\u00e1pagos, que se est\u00e1n desarrollando desde hoy\u00bb, escribi\u00f3 el ministro en su cuenta de Twitter.<\/p>\n<p>Y adelant\u00f3 que despu\u00e9s del retiro de la gabarra har\u00e1n \u00abun monitoreo ecol\u00f3gico del fondo marino para determinar los impactos que este accidente caus\u00f3\u00bb.<\/p>\n<p>\u00abEl Gobierno Nacional sigue demostrando su compromiso por la conservaci\u00f3n del ambiente. A trav\u00e9s del Parque Nacional Gal\u00e1pagos damos seguimiento para mitigar los riesgos que las acciones humanas pueden provocar en ecosistemas fr\u00e1giles como Gal\u00e1pagos\u00bb, agreg\u00f3.<\/p>\n<p>El pasado 24 de diciembre, el director del Parque Nacional Gal\u00e1pagos, Jorge Carri\u00f3n, asegur\u00f3 a Efe que la situaci\u00f3n estaba \u00abtotalmente controlada\u00bb en la isla San Crist\u00f3bal donde pocos d\u00edas antes se hab\u00eda hundido una gabarra de carga en un peque\u00f1o embarcadero.<\/p>\n<p>Record\u00f3 que se trat\u00f3 de un accidente con la gabarra que \u00abno produjo un derrame\u00bb, pero se registraron peque\u00f1as manchas de combustible pues \u00abcomo la embarcaci\u00f3n entera est\u00e1 en contacto con el agua, el agua de mar entr\u00f3 en contacto con la sala de m\u00e1quinas\u00bb, dijo entonces.<\/p>\n<p>En diciembre se inform\u00f3 de que la gabarra hab\u00eda acoderado junto al peque\u00f1o embarcadero, desde donde una gr\u00faa pretend\u00eda colocar un contenedor de generaci\u00f3n el\u00e9ctrica en el barco, cuando de pronto se produjo el accidente al caer violentamente la carga -a\u00fan atada a la gr\u00faa- sobre la gabarra y hundir la embarcaci\u00f3n.<\/p>\n<p>La tripulaci\u00f3n de la barcaza logr\u00f3 saltar a tiempo al mar y s\u00f3lo una persona, que fue reportada como herida, fue trasladada a un hospital de la ciudad de Puerto Baquerizo Moreno, en San Crist\u00f3bal.<\/p>\n<p>Como consecuencia de ese percance se hundieron la gabarra, el contenedor y la gr\u00faa.<\/p>\n<p>EFE<\/p>\n","protected":false},"excerpt":{"rendered":"<p>El ministro ecuatoriano de Ambiente, Ra\u00fal Ledesma, inform\u00f3 este s\u00e1bado <a href=\"https:\/\/sertv.gob.pa\/crisolfm\/inician-trabajos-para-reflotar-la-gabarra-hundida-en-galapagos-en-diciembre\/\"> [&#8230;]<\/a><\/p>\n","protected":false},"author":64,"featured_media":25579,"comment_status":"closed","ping_status":"closed","sticky":false,"template":"","format":"standard","meta":{"footnotes":""},"categories":[7],"tags":[],"class_list":["post-25578","post","type-post","status-publish","format-standard","has-post-thumbnail","hentry","category-ecologicas"],"_links":{"self":[{"href":"https:\/\/sertv.gob.pa\/crisolfm\/wp-json\/wp\/v2\/posts\/25578","targetHints":{"allow":["GET"]}}],"collection":[{"href":"https:\/\/sertv.gob.pa\/crisolfm\/wp-json\/wp\/v2\/posts"}],"about":[{"href":"https:\/\/sertv.gob.pa\/crisolfm\/wp-json\/wp\/v2\/types\/post"}],"author":[{"embeddable":true,"href":"https:\/\/sertv.gob.pa\/crisolfm\/wp-json\/wp\/v2\/users\/64"}],"replies":[{"embeddable":true,"href":"https:\/\/sertv.gob.pa\/crisolfm\/wp-json\/wp\/v2\/comments?post=25578"}],"version-history":[{"count":1,"href":"https:\/\/sertv.gob.pa\/crisolfm\/wp-json\/wp\/v2\/posts\/25578\/revisions"}],"predecessor-version":[{"id":25580,"href":"https:\/\/sertv.gob.pa\/crisolfm\/wp-json\/wp\/v2\/posts\/25578\/revisions\/25580"}],"wp:featuredmedia":[{"embeddable":true,"href":"https:\/\/sertv.gob.pa\/crisolfm\/wp-json\/wp\/v2\/media\/25579"}],"wp:attachment":[{"href":"https:\/\/sertv.gob.pa\/crisolfm\/wp-json\/wp\/v2\/media?parent=25578"}],"wp:term":[{"taxonomy":"category","embeddable":true,"href":"https:\/\/sertv.gob.pa\/crisolfm\/wp-json\/wp\/v2\/categories?post=25578"},{"taxonomy":"post_tag","embeddable":true,"href":"https:\/\/sertv.gob.pa\/crisolfm\/wp-json\/wp\/v2\/tags?post=25578"}],"curies":[{"name":"wp","href":"https:\/\/api.w.org\/{rel}","templated":true}]}}