{"id":25584,"date":"2020-01-13T14:32:25","date_gmt":"2020-01-13T14:32:25","guid":{"rendered":"https:\/\/sertv.gob.pa\/crisolfm\/?p=25584"},"modified":"2020-01-13T14:32:25","modified_gmt":"2020-01-13T14:32:25","slug":"erupciona-el-volcan-la-cumbre-localizado-en-las-galapagos-de-ecuador","status":"publish","type":"post","link":"https:\/\/sertv.gob.pa\/crisolfm\/erupciona-el-volcan-la-cumbre-localizado-en-las-galapagos-de-ecuador\/","title":{"rendered":"Erupciona el volc\u00e1n La Cumbre localizado en las Gal\u00e1pagos de Ecuador"},"content":{"rendered":"<p>El volc\u00e1n <strong>La Cumbre,<\/strong> en la deshabitada<strong> isla Fernandina de Gal\u00e1pagos,<\/strong> registra una fase eruptiva y lanza lava, informaron este domingo las autoridades ecuatorianas.<\/p>\n<p>\u00abEl volc\u00e1n La Cumbre, ubicado en la isla Fernandina, al oeste del archipi\u00e9lago, inici\u00f3 actividad eruptiva esta noche\u00bb, anunci\u00f3 el Parque Nacional Gal\u00e1pagos (PNG) en un comunicado, \u00abde acuerdo a un reporte presentado por guardaparques y a personal de las embarcaciones de turismo\u00bb.<\/p>\n<p>Si bien Fernandina no est\u00e1 habitada por humanos, \u201csu valor ecol\u00f3gico es muy alto pues sus ecosistemas albergan especies \u00fanicas como iguanas terrestres y marinas, culebras, ratas end\u00e9micas, cormoranes no voladores, ping\u00fcinos\u201d, se\u00f1al\u00f3 el PNG, a cargo del cuidado de esta reserva natural a 1,000 kil\u00f3metros de la costa de Ecuador.<\/p>\n<p>Agreg\u00f3 que las primeras im\u00e1genes reportadas registran una fisura a lo largo del borde sudeste del domo de 1.476 metros de altura y evoc\u00f3 \u00abflujos de lava descendiendo hacia las costas\u00bb de una de las islas m\u00e1s j\u00f3venes de Gal\u00e1pagos, archipi\u00e9lago que sirvi\u00f3 de laboratorio al naturalista ingl\u00e9s Charles Darwin para desarrollar la teor\u00eda sobre la evoluci\u00f3n de las especies.<\/p>\n<p>El estatal Instituto Geof\u00edsico de la Escuela Polit\u00e9cnica Nacional explic\u00f3 que el volc\u00e1n present\u00f3 \u00abuna nueva agitaci\u00f3n s\u00edsmica y subsecuente erupci\u00f3n\u00bb.<\/p>\n<p>AFP<\/p>\n","protected":false},"excerpt":{"rendered":"<p>El volc\u00e1n La Cumbre, en la deshabitada isla Fernandina de <a href=\"https:\/\/sertv.gob.pa\/crisolfm\/erupciona-el-volcan-la-cumbre-localizado-en-las-galapagos-de-ecuador\/\"> [&#8230;]<\/a><\/p>\n","protected":false},"author":64,"featured_media":25585,"comment_status":"closed","ping_status":"closed","sticky":false,"template":"","format":"standard","meta":{"footnotes":""},"categories":[7],"tags":[],"class_list":["post-25584","post","type-post","status-publish","format-standard","has-post-thumbnail","hentry","category-ecologicas"],"_links":{"self":[{"href":"https:\/\/sertv.gob.pa\/crisolfm\/wp-json\/wp\/v2\/posts\/25584","targetHints":{"allow":["GET"]}}],"collection":[{"href":"https:\/\/sertv.gob.pa\/crisolfm\/wp-json\/wp\/v2\/posts"}],"about":[{"href":"https:\/\/sertv.gob.pa\/crisolfm\/wp-json\/wp\/v2\/types\/post"}],"author":[{"embeddable":true,"href":"https:\/\/sertv.gob.pa\/crisolfm\/wp-json\/wp\/v2\/users\/64"}],"replies":[{"embeddable":true,"href":"https:\/\/sertv.gob.pa\/crisolfm\/wp-json\/wp\/v2\/comments?post=25584"}],"version-history":[{"count":1,"href":"https:\/\/sertv.gob.pa\/crisolfm\/wp-json\/wp\/v2\/posts\/25584\/revisions"}],"predecessor-version":[{"id":25586,"href":"https:\/\/sertv.gob.pa\/crisolfm\/wp-json\/wp\/v2\/posts\/25584\/revisions\/25586"}],"wp:featuredmedia":[{"embeddable":true,"href":"https:\/\/sertv.gob.pa\/crisolfm\/wp-json\/wp\/v2\/media\/25585"}],"wp:attachment":[{"href":"https:\/\/sertv.gob.pa\/crisolfm\/wp-json\/wp\/v2\/media?parent=25584"}],"wp:term":[{"taxonomy":"category","embeddable":true,"href":"https:\/\/sertv.gob.pa\/crisolfm\/wp-json\/wp\/v2\/categories?post=25584"},{"taxonomy":"post_tag","embeddable":true,"href":"https:\/\/sertv.gob.pa\/crisolfm\/wp-json\/wp\/v2\/tags?post=25584"}],"curies":[{"name":"wp","href":"https:\/\/api.w.org\/{rel}","templated":true}]}}