{"id":25587,"date":"2020-01-13T14:43:46","date_gmt":"2020-01-13T14:43:46","guid":{"rendered":"https:\/\/sertv.gob.pa\/crisolfm\/?p=25587"},"modified":"2020-01-13T14:43:46","modified_gmt":"2020-01-13T14:43:46","slug":"hallan-un-durero-en-la-tienda-de-souvenirs-de-la-catedral-de-viena","status":"publish","type":"post","link":"https:\/\/sertv.gob.pa\/crisolfm\/hallan-un-durero-en-la-tienda-de-souvenirs-de-la-catedral-de-viena\/","title":{"rendered":"Hallan un Durero en la tienda de souvenirs de la catedral de Viena"},"content":{"rendered":"<p>El hallazgo ha sido totalmente casual, durante unos trabajos de restauraci\u00f3n en la <a href=\"https:\/\/www.disfrutaviena.com\/catedral-san-esteban\" target=\"_blank\" rel=\"noopener\">catedral de San Esteban de Viena<\/a>. Sobre la g\u00f3tica Puerta del Obispo, cubierta por siglos de suciedad y situada sobre lo que hoy en d\u00eda es la tienda de recuerdos tur\u00edsticos, los <strong>restauradores<\/strong> han destapado una <strong>pintura<\/strong> que desde el primer momento se perfil\u00f3 como especialmente fina. Las pruebas de edad han determinado que data de <strong>principios del siglo XVI<\/strong>. Los ex\u00e1menes de las part\u00edculas de color m\u00e1s peque\u00f1as han descubierto un dibujo preliminar, que representa un altar alado pintado directamente sobre la pared.<\/p>\n<p><strong>Santa Catalina<\/strong> y <strong>Santa Margarita<\/strong>, motivos de la obra, aparecen representadas en las alas del altar y la riqueza de detalles es particularmente notable. \u00abLa calidad y las caracter\u00edsticas del dibujo recuerdan inevitablemente a <a href=\"https:\/\/www.abc.es\/cultura\/arte\/abci-durero-vuelve-casa-201604160245_noticia.html\" target=\"_blank\" rel=\"noopener\">Durero<\/a>\u00bb, explica Bernd Euler-Rolle, director especialista de la <strong>Oficina de Monumentos Federales Austriaca<\/strong> (BDA), que ha convocado una conferencia de expertos para dilucidar si efectivamente corresponde la obra al m\u00e1ximo exponente del <strong>Renacimiento<\/strong> alem\u00e1n. Y los especialistas coinciden en que los trazos y el estilo del dibujo son los caracter\u00edsticos de <a href=\"https:\/\/www.abc.es\/cultura\/arte\/abci-grabado-durero-encontrado-mercadillo-frances-201608052131_noticia.html\" target=\"_blank\" rel=\"noopener\">Durero<\/a>. S\u00f3lo hay un problema que impedir\u00eda confiar con total tranquilidad en este diagn\u00f3stico y no es otro que no consta que <strong>Durero<\/strong>, a lo largo de sus 57 a\u00f1os de vida, llegase jam\u00e1s a poner un pie en <strong>Viena<\/strong>.<\/p>\n<p>Lo que es seguro es que nos encontramos ante una serie de evidencias que llevan al equipo de investigaci\u00f3n a deducir que <strong>el autor fue Durero<\/strong>\u00bb, afirma el director gerente de proyecto, Markus Santner, una teor\u00eda que defiende tambi\u00e9n Bernd Euler-Rolle, para quien \u00abhay <strong>pruebas suficientes de la autor\u00eda<\/strong> en la calidad art\u00edstica y en las caracter\u00edsticas del detalle\u00bb. Erwin Pokorny, que particip\u00f3 como especialista en Durero en el cat\u00e1logo de la exposici\u00f3n actual sobre el pintor renacentista en la Albertina, no alberga tampoco dudas acerca de la <strong>firma de Durero<\/strong> en la obra reci\u00e9n descubierta. \u00abLa pregunta ha dejado de ser ya si Durero estuvo alguna vez en Viena, para convertirse en la cuesti\u00f3n sobre cu\u00e1ndo estuvo Durero en Viena, porque la virtuosa pincelada muestra claramente su letra\u00bb, ha asegurado, avalando la <strong>teor\u00eda de la autor\u00eda<\/strong>.<\/p>\n<p>Para preservar y desarrollar el trabajo, el Departamento de Conservaci\u00f3n y Restauraci\u00f3n de la Oficina de Monumentos Federales ha implementado un <strong>proyecto de conservaci\u00f3n e investigaci\u00f3n<\/strong>, en cooperaci\u00f3n con los administradores de la catedral de San Esteban.<\/p>\n<p>ABC Cultura<\/p>\n","protected":false},"excerpt":{"rendered":"<p>El hallazgo ha sido totalmente casual, durante unos trabajos de <a href=\"https:\/\/sertv.gob.pa\/crisolfm\/hallan-un-durero-en-la-tienda-de-souvenirs-de-la-catedral-de-viena\/\"> [&#8230;]<\/a><\/p>\n","protected":false},"author":64,"featured_media":25588,"comment_status":"closed","ping_status":"closed","sticky":false,"template":"","format":"standard","meta":{"footnotes":""},"categories":[6],"tags":[],"class_list":["post-25587","post","type-post","status-publish","format-standard","has-post-thumbnail","hentry","category-culturales"],"_links":{"self":[{"href":"https:\/\/sertv.gob.pa\/crisolfm\/wp-json\/wp\/v2\/posts\/25587","targetHints":{"allow":["GET"]}}],"collection":[{"href":"https:\/\/sertv.gob.pa\/crisolfm\/wp-json\/wp\/v2\/posts"}],"about":[{"href":"https:\/\/sertv.gob.pa\/crisolfm\/wp-json\/wp\/v2\/types\/post"}],"author":[{"embeddable":true,"href":"https:\/\/sertv.gob.pa\/crisolfm\/wp-json\/wp\/v2\/users\/64"}],"replies":[{"embeddable":true,"href":"https:\/\/sertv.gob.pa\/crisolfm\/wp-json\/wp\/v2\/comments?post=25587"}],"version-history":[{"count":1,"href":"https:\/\/sertv.gob.pa\/crisolfm\/wp-json\/wp\/v2\/posts\/25587\/revisions"}],"predecessor-version":[{"id":25589,"href":"https:\/\/sertv.gob.pa\/crisolfm\/wp-json\/wp\/v2\/posts\/25587\/revisions\/25589"}],"wp:featuredmedia":[{"embeddable":true,"href":"https:\/\/sertv.gob.pa\/crisolfm\/wp-json\/wp\/v2\/media\/25588"}],"wp:attachment":[{"href":"https:\/\/sertv.gob.pa\/crisolfm\/wp-json\/wp\/v2\/media?parent=25587"}],"wp:term":[{"taxonomy":"category","embeddable":true,"href":"https:\/\/sertv.gob.pa\/crisolfm\/wp-json\/wp\/v2\/categories?post=25587"},{"taxonomy":"post_tag","embeddable":true,"href":"https:\/\/sertv.gob.pa\/crisolfm\/wp-json\/wp\/v2\/tags?post=25587"}],"curies":[{"name":"wp","href":"https:\/\/api.w.org\/{rel}","templated":true}]}}