{"id":25602,"date":"2020-01-13T19:30:50","date_gmt":"2020-01-13T19:30:50","guid":{"rendered":"https:\/\/sertv.gob.pa\/crisolfm\/?p=25602"},"modified":"2020-01-13T19:30:50","modified_gmt":"2020-01-13T19:30:50","slug":"inauguran-la-edicion-17-del-panama-jazz-festival","status":"publish","type":"post","link":"https:\/\/sertv.gob.pa\/crisolfm\/inauguran-la-edicion-17-del-panama-jazz-festival\/","title":{"rendered":"Inauguran la edici\u00f3n 17 del Panam\u00e1 Jazz Festival"},"content":{"rendered":"<p>El <a href=\"https:\/\/www.prensa.com\/tema\/panama-jazz-festival\/\" target=\"_blank\" rel=\"noopener\">Panam\u00e1 Jazz Festival<\/a> inaugur\u00f3 oficialmente su edici\u00f3n 17 este lunes 13 de enero en la Ciudad del Saber, con un cat\u00e1logo de conciertos que se extender\u00e1 hasta el 18 de enero para el disfrute de los espectadores. El homenajeado de este a\u00f1o es el saxofonista paname\u00f1o Reginald <em>Reggie<\/em> Johnson.<\/p>\n<p>El fundador del festival Danilo P\u00e9rez, indic\u00f3 que el 2019 fue un a\u00f1o dif\u00edcil para la organizaci\u00f3n del evento por numerosos retos entre los que se hallan la falta de convenios a largo plazo. Una situaci\u00f3n que se prev\u00e9 podr\u00eda ser subsanada luego de la firma de un convenio con la Alcald\u00eda de Panam\u00e1, que garantiza una financiaci\u00f3n de $250 mil hasta el a\u00f1o 2024. P\u00e9rez inst\u00f3 adem\u00e1s a un cambio cultural en la sociedad paname\u00f1a. \u201cNo pensemos en &#8216;voy a cambiar si lo hace \u00e9l primero\u00bb, resalt\u00f3 el m\u00fasico.<\/p>\n<p>El ministro de cultura Carlos Aguilar mencion\u00f3 que el Panam\u00e1 Jazz Festival es una oportunidad propicia para entretenernos y conocer a grandes exponentes mundiales del jazz en el pa\u00eds. \u201cDurante los \u00faltimos 10 a\u00f1os en los que existe este festival, muchos j\u00f3venes fueron transformados a trav\u00e9s de la m\u00fasica\u201d, a\u00f1adi\u00f3.<\/p>\n<p>Por su parte, el administrador de la Autoridad de Turismo, Iv\u00e1n Eskildsen, coment\u00f3 que se est\u00e1n haciendo grandes esfuerzos para promocionar el festival como un reclamo tur\u00edstico del pa\u00eds junto con los operadores de excursiones.<\/p>\n<p>La agenda de talleres art\u00edsticos se desarrolla en Ciudad de Saber desde temprano y esta tarde y noche se abre la programaci\u00f3n de conciertos en Holiday Inn, Teatro Ateneo, Danilo\u2019s Jazz Club y Villa Agustina.<\/p>\n<p>&nbsp;<\/p>\n","protected":false},"excerpt":{"rendered":"<p>El Panam\u00e1 Jazz Festival inaugur\u00f3 oficialmente su edici\u00f3n 17 este <a href=\"https:\/\/sertv.gob.pa\/crisolfm\/inauguran-la-edicion-17-del-panama-jazz-festival\/\"> [&#8230;]<\/a><\/p>\n","protected":false},"author":64,"featured_media":25603,"comment_status":"closed","ping_status":"closed","sticky":false,"template":"","format":"standard","meta":{"footnotes":""},"categories":[6],"tags":[],"class_list":["post-25602","post","type-post","status-publish","format-standard","has-post-thumbnail","hentry","category-culturales"],"_links":{"self":[{"href":"https:\/\/sertv.gob.pa\/crisolfm\/wp-json\/wp\/v2\/posts\/25602","targetHints":{"allow":["GET"]}}],"collection":[{"href":"https:\/\/sertv.gob.pa\/crisolfm\/wp-json\/wp\/v2\/posts"}],"about":[{"href":"https:\/\/sertv.gob.pa\/crisolfm\/wp-json\/wp\/v2\/types\/post"}],"author":[{"embeddable":true,"href":"https:\/\/sertv.gob.pa\/crisolfm\/wp-json\/wp\/v2\/users\/64"}],"replies":[{"embeddable":true,"href":"https:\/\/sertv.gob.pa\/crisolfm\/wp-json\/wp\/v2\/comments?post=25602"}],"version-history":[{"count":1,"href":"https:\/\/sertv.gob.pa\/crisolfm\/wp-json\/wp\/v2\/posts\/25602\/revisions"}],"predecessor-version":[{"id":25604,"href":"https:\/\/sertv.gob.pa\/crisolfm\/wp-json\/wp\/v2\/posts\/25602\/revisions\/25604"}],"wp:featuredmedia":[{"embeddable":true,"href":"https:\/\/sertv.gob.pa\/crisolfm\/wp-json\/wp\/v2\/media\/25603"}],"wp:attachment":[{"href":"https:\/\/sertv.gob.pa\/crisolfm\/wp-json\/wp\/v2\/media?parent=25602"}],"wp:term":[{"taxonomy":"category","embeddable":true,"href":"https:\/\/sertv.gob.pa\/crisolfm\/wp-json\/wp\/v2\/categories?post=25602"},{"taxonomy":"post_tag","embeddable":true,"href":"https:\/\/sertv.gob.pa\/crisolfm\/wp-json\/wp\/v2\/tags?post=25602"}],"curies":[{"name":"wp","href":"https:\/\/api.w.org\/{rel}","templated":true}]}}