{"id":25623,"date":"2020-01-14T14:16:41","date_gmt":"2020-01-14T14:16:41","guid":{"rendered":"https:\/\/sertv.gob.pa\/crisolfm\/?p=25623"},"modified":"2020-01-14T14:16:41","modified_gmt":"2020-01-14T14:16:41","slug":"guionista-cubano-dictara-taller-sobre-cine-y-literatura-en-la-up","status":"publish","type":"post","link":"https:\/\/sertv.gob.pa\/crisolfm\/guionista-cubano-dictara-taller-sobre-cine-y-literatura-en-la-up\/","title":{"rendered":"Guionista cubano dictar\u00e1 taller sobre Cine y Literatura en la UP"},"content":{"rendered":"<p>El escritor y guionista cubano, Leonardo Padura, impartir\u00e1 sus conocimientos y experticias\u00a0en el Taller Cine y Literatura: Las amistades peligrosas de la Escuela Internacional de Verano, proyecto insignia de la Vicerrector\u00eda de Extensi\u00f3n de la Universidad de Panam\u00e1, en conjunto con el Centro de Formaci\u00f3n y Capacitaci\u00f3n Cinematogr\u00e1fica del GECU, en alianza con el Ministerio de Cultura y SERTV.<\/p>\n<p>Las clases se ofrecer\u00e1n del 3 al 7 de febrero en las instalaciones del Estudio Multiuso del GECU, en horarios de 9:00 a.m. a 1:00 p.m. y est\u00e1 dirigido a guionistas, directores, escritores profesionales del audiovisual, profesores, estudiantes de las escuelas de cine y otros medios afines que deseen profundizar en la construcci\u00f3n de un buen guion cinematogr\u00e1fico.<\/p>\n<p>Como actividades complementarias al taller, el Cine Universitario presentar\u00e1 el ciclo del mismo nombre, Cine y Literatura: Las amistades peligrosas, del lunes 27 de enero al viernes 7 de febrero, con algunas de las pel\u00edculas de la filmograf\u00eda del guionista cubano y otras basadas en obras literarias.<\/p>\n<p>Adem\u00e1s, se presentar\u00e1 la nueva edici\u00f3n de su libro \u201cLos rostros de la salsa\u201d, que cuenta con entrevistas a varios importantes m\u00fasicos de este movimiento, incluido Rub\u00e9n Blades, el martes 4 de febrero en la Biblioteca Universitaria Sim\u00f3n Bol\u00edvar a las 4:00 p.m.; as\u00ed como la clase magistral \u201cLa ciudad y el escritor\u201d impartida por Padura el mi\u00e9rcoles 5 de febrero en el Estudio Multiuso del GECU a las 6:00 p.m.<\/p>\n<p>&nbsp;<\/p>\n","protected":false},"excerpt":{"rendered":"<p>El escritor y guionista cubano, Leonardo Padura, impartir\u00e1 sus conocimientos <a href=\"https:\/\/sertv.gob.pa\/crisolfm\/guionista-cubano-dictara-taller-sobre-cine-y-literatura-en-la-up\/\"> [&#8230;]<\/a><\/p>\n","protected":false},"author":64,"featured_media":25624,"comment_status":"closed","ping_status":"closed","sticky":false,"template":"","format":"standard","meta":{"footnotes":""},"categories":[6],"tags":[],"class_list":["post-25623","post","type-post","status-publish","format-standard","has-post-thumbnail","hentry","category-culturales"],"_links":{"self":[{"href":"https:\/\/sertv.gob.pa\/crisolfm\/wp-json\/wp\/v2\/posts\/25623","targetHints":{"allow":["GET"]}}],"collection":[{"href":"https:\/\/sertv.gob.pa\/crisolfm\/wp-json\/wp\/v2\/posts"}],"about":[{"href":"https:\/\/sertv.gob.pa\/crisolfm\/wp-json\/wp\/v2\/types\/post"}],"author":[{"embeddable":true,"href":"https:\/\/sertv.gob.pa\/crisolfm\/wp-json\/wp\/v2\/users\/64"}],"replies":[{"embeddable":true,"href":"https:\/\/sertv.gob.pa\/crisolfm\/wp-json\/wp\/v2\/comments?post=25623"}],"version-history":[{"count":1,"href":"https:\/\/sertv.gob.pa\/crisolfm\/wp-json\/wp\/v2\/posts\/25623\/revisions"}],"predecessor-version":[{"id":25625,"href":"https:\/\/sertv.gob.pa\/crisolfm\/wp-json\/wp\/v2\/posts\/25623\/revisions\/25625"}],"wp:featuredmedia":[{"embeddable":true,"href":"https:\/\/sertv.gob.pa\/crisolfm\/wp-json\/wp\/v2\/media\/25624"}],"wp:attachment":[{"href":"https:\/\/sertv.gob.pa\/crisolfm\/wp-json\/wp\/v2\/media?parent=25623"}],"wp:term":[{"taxonomy":"category","embeddable":true,"href":"https:\/\/sertv.gob.pa\/crisolfm\/wp-json\/wp\/v2\/categories?post=25623"},{"taxonomy":"post_tag","embeddable":true,"href":"https:\/\/sertv.gob.pa\/crisolfm\/wp-json\/wp\/v2\/tags?post=25623"}],"curies":[{"name":"wp","href":"https:\/\/api.w.org\/{rel}","templated":true}]}}