{"id":25626,"date":"2020-01-14T14:23:34","date_gmt":"2020-01-14T14:23:34","guid":{"rendered":"https:\/\/sertv.gob.pa\/crisolfm\/?p=25626"},"modified":"2020-01-14T14:23:34","modified_gmt":"2020-01-14T14:23:34","slug":"la-amazonia-podria-pasar-de-aspirador-de-co2-a-emisor-de-gas-contaminante","status":"publish","type":"post","link":"https:\/\/sertv.gob.pa\/crisolfm\/la-amazonia-podria-pasar-de-aspirador-de-co2-a-emisor-de-gas-contaminante\/","title":{"rendered":"La Amazonia podr\u00eda pasar de aspirador de CO2 a emisor de gas contaminante"},"content":{"rendered":"<p><strong>Los incendios causados por el cambio clim\u00e1tico en la Amazonia<\/strong> podr\u00edan convertir esa regi\u00f3n de un aspirador de di\u00f3xido de carbono <strong>a un emisor neto de esos gases<\/strong>, que contribuye al calentamiento de la atm\u00f3sfera, seg\u00fan un estudio que publica este viernes la revista Science Advances<\/p>\n<p>El estudio, encabezado por Paulo Brando, del Departamento de Sistemas de la Tierra de la Universidad de California, tuvo la colaboraci\u00f3n del Instituto de Investigaci\u00f3n de la Amazonia en Brasilia, el Instituto de Geociencias de la Universidad de Minas Gerais y el Centro Goddard de Vuelo Espacial de la NASA<\/p>\n<p>\u00ab<strong>Los incendios forestales desencadenados por un clima cada vez m\u00e1s c\u00e1lido<\/strong> y seco pueden duplicar el \u00e1rea quemada y arrasar hasta un 16 % de la selva tropical en el sur de la Amazonia brasile\u00f1a para 2050, con lo que esa regi\u00f3n podr\u00eda perder su funci\u00f3n de receptor neto de CO2 en una fuente neta de di\u00f3xido de carbono, se\u00f1al\u00f3 el art\u00edculo<\/p>\n<p>Las emisiones de gases que causan el \u00abefecto invernadero\u00bb y<strong> se acumulan en la atm\u00f3sfera pueden llevar la Amazonia a un nuevo estado de baja biomasa<\/strong>, lo cual alterar\u00e1 las precipitaciones y los reg\u00edmenes de temperatura en la regi\u00f3n, a\u00f1adi\u00f3<\/p>\n<p><strong>Los incendios forestales en la Amazonia seguir\u00e1n intensific\u00e1ndose<\/strong> antes de 2030, y para mediados de siglo la regi\u00f3n estar\u00e1 emitiendo unos 17.000 millones de toneladas de CO2 y habr\u00e1 dejado de ser un \u00e1rea del planeta que absorbe m\u00e1s gases de efecto invernadero de los que elimina<\/p>\n<p>Para su estudio, Brando y sus colegas elaboraron un modelo sobre la forma en que las interacciones entre el cambio clim\u00e1tico y la deforestaci\u00f3n en una regi\u00f3n de 192 millones de acres dentro de la regi\u00f3n m\u00e1s seca de la Amazonia brasile\u00f1a <strong>afectaron la cantidad de tierra quemada y los gases liberados como resultado de los incendios.<\/strong><\/p>\n<p>EFE<\/p>\n","protected":false},"excerpt":{"rendered":"<p>Los incendios causados por el cambio clim\u00e1tico en la Amazonia <a href=\"https:\/\/sertv.gob.pa\/crisolfm\/la-amazonia-podria-pasar-de-aspirador-de-co2-a-emisor-de-gas-contaminante\/\"> [&#8230;]<\/a><\/p>\n","protected":false},"author":64,"featured_media":25627,"comment_status":"closed","ping_status":"closed","sticky":false,"template":"","format":"standard","meta":{"footnotes":""},"categories":[7],"tags":[],"class_list":["post-25626","post","type-post","status-publish","format-standard","has-post-thumbnail","hentry","category-ecologicas"],"_links":{"self":[{"href":"https:\/\/sertv.gob.pa\/crisolfm\/wp-json\/wp\/v2\/posts\/25626","targetHints":{"allow":["GET"]}}],"collection":[{"href":"https:\/\/sertv.gob.pa\/crisolfm\/wp-json\/wp\/v2\/posts"}],"about":[{"href":"https:\/\/sertv.gob.pa\/crisolfm\/wp-json\/wp\/v2\/types\/post"}],"author":[{"embeddable":true,"href":"https:\/\/sertv.gob.pa\/crisolfm\/wp-json\/wp\/v2\/users\/64"}],"replies":[{"embeddable":true,"href":"https:\/\/sertv.gob.pa\/crisolfm\/wp-json\/wp\/v2\/comments?post=25626"}],"version-history":[{"count":1,"href":"https:\/\/sertv.gob.pa\/crisolfm\/wp-json\/wp\/v2\/posts\/25626\/revisions"}],"predecessor-version":[{"id":25628,"href":"https:\/\/sertv.gob.pa\/crisolfm\/wp-json\/wp\/v2\/posts\/25626\/revisions\/25628"}],"wp:featuredmedia":[{"embeddable":true,"href":"https:\/\/sertv.gob.pa\/crisolfm\/wp-json\/wp\/v2\/media\/25627"}],"wp:attachment":[{"href":"https:\/\/sertv.gob.pa\/crisolfm\/wp-json\/wp\/v2\/media?parent=25626"}],"wp:term":[{"taxonomy":"category","embeddable":true,"href":"https:\/\/sertv.gob.pa\/crisolfm\/wp-json\/wp\/v2\/categories?post=25626"},{"taxonomy":"post_tag","embeddable":true,"href":"https:\/\/sertv.gob.pa\/crisolfm\/wp-json\/wp\/v2\/tags?post=25626"}],"curies":[{"name":"wp","href":"https:\/\/api.w.org\/{rel}","templated":true}]}}