{"id":25638,"date":"2020-01-14T15:17:47","date_gmt":"2020-01-14T15:17:47","guid":{"rendered":"https:\/\/sertv.gob.pa\/crisolfm\/?p=25638"},"modified":"2020-01-14T15:17:47","modified_gmt":"2020-01-14T15:17:47","slug":"turistas-detenidos-por-defecar-y-danar-el-templo-del-sol-de-la-ciudadela-sagrada-de-machu-picchu","status":"publish","type":"post","link":"https:\/\/sertv.gob.pa\/crisolfm\/turistas-detenidos-por-defecar-y-danar-el-templo-del-sol-de-la-ciudadela-sagrada-de-machu-picchu\/","title":{"rendered":"Turistas detenidos por defecar y da\u00f1ar el Templo del Sol de la ciudadela sagrada de Machu Picchu"},"content":{"rendered":"<p>Seis turistas de Argentina, Brasil, Chile y Francia han sido arrestados en Per\u00fa por <strong>entrar de forma ilegal <\/strong>en \u00e1reas prohibidas de la ciudadela inca de <a href=\"https:\/\/www.abc.es\/viajar\/top\/abci-veinticinco-tesoros-mundo-peligro-puedes-conocer-201911070150_noticia.html\" target=\"_blank\" rel=\"noopener\">Machu Picchu<\/a>, da\u00f1ar el <strong>Templo del Sol <\/strong>y causar des\u00f3rdenes en el santuario arqueol\u00f3gico.<\/p>\n<p>Los turistas, <strong>cuatro hombres y dos mujeres<\/strong>, fueron arrestados por los guardias del yacimiento y la polic\u00eda cuando se encontraban en el mirador del Templo del Sol. Los agentes les atribuyen haber provocado una <strong>ca\u00edda de una piedra<\/strong> de uno de los muros de la ciudadela de unos seis metros<strong> que ha da\u00f1ado el suelo<\/strong>. Adem\u00e1s de entrar en zonas donde est\u00e1 prohibido el paso y estropear el patrimonio, la polic\u00eda les acusa de haber <strong>contaminado<\/strong> el Templo del Sol porque se <strong>descubrieron restos fecales<\/strong>, por lo que presume que alguno de los detenidos hizo sus necesidades biol\u00f3gicas en esa \u00e1rea.<\/p>\n<p>Al parecer, los individuos entraron en la ciudadela la <strong>noche del s\u00e1bado<\/strong>, pero fueron detenidos durante la <strong>madrugada del domingo<\/strong>. \u00abLos seis turistas est\u00e1n bajo arresto y est\u00e1n siendo investigados por la Fiscal\u00eda por <strong>presuntos da\u00f1os al patrimonio cultural<\/strong>\u00bb, ha afirmado el coronel Wilbert Leyva, jefe de polic\u00eda del departamento de Cusco, en el centro de Per\u00fa, donde se encuentra Machu Picchu. La ley peruana establece<strong> penas de al menos cuatro a\u00f1os de prisi\u00f3<\/strong>n para cualquier persona que da\u00f1e el patrimonio cultural nacional.<\/p>\n<p>ABC Cultura<\/p>\n","protected":false},"excerpt":{"rendered":"<p>Seis turistas de Argentina, Brasil, Chile y Francia han sido <a href=\"https:\/\/sertv.gob.pa\/crisolfm\/turistas-detenidos-por-defecar-y-danar-el-templo-del-sol-de-la-ciudadela-sagrada-de-machu-picchu\/\"> [&#8230;]<\/a><\/p>\n","protected":false},"author":64,"featured_media":25639,"comment_status":"closed","ping_status":"closed","sticky":false,"template":"","format":"standard","meta":{"footnotes":""},"categories":[6],"tags":[],"class_list":["post-25638","post","type-post","status-publish","format-standard","has-post-thumbnail","hentry","category-culturales"],"_links":{"self":[{"href":"https:\/\/sertv.gob.pa\/crisolfm\/wp-json\/wp\/v2\/posts\/25638","targetHints":{"allow":["GET"]}}],"collection":[{"href":"https:\/\/sertv.gob.pa\/crisolfm\/wp-json\/wp\/v2\/posts"}],"about":[{"href":"https:\/\/sertv.gob.pa\/crisolfm\/wp-json\/wp\/v2\/types\/post"}],"author":[{"embeddable":true,"href":"https:\/\/sertv.gob.pa\/crisolfm\/wp-json\/wp\/v2\/users\/64"}],"replies":[{"embeddable":true,"href":"https:\/\/sertv.gob.pa\/crisolfm\/wp-json\/wp\/v2\/comments?post=25638"}],"version-history":[{"count":1,"href":"https:\/\/sertv.gob.pa\/crisolfm\/wp-json\/wp\/v2\/posts\/25638\/revisions"}],"predecessor-version":[{"id":25640,"href":"https:\/\/sertv.gob.pa\/crisolfm\/wp-json\/wp\/v2\/posts\/25638\/revisions\/25640"}],"wp:featuredmedia":[{"embeddable":true,"href":"https:\/\/sertv.gob.pa\/crisolfm\/wp-json\/wp\/v2\/media\/25639"}],"wp:attachment":[{"href":"https:\/\/sertv.gob.pa\/crisolfm\/wp-json\/wp\/v2\/media?parent=25638"}],"wp:term":[{"taxonomy":"category","embeddable":true,"href":"https:\/\/sertv.gob.pa\/crisolfm\/wp-json\/wp\/v2\/categories?post=25638"},{"taxonomy":"post_tag","embeddable":true,"href":"https:\/\/sertv.gob.pa\/crisolfm\/wp-json\/wp\/v2\/tags?post=25638"}],"curies":[{"name":"wp","href":"https:\/\/api.w.org\/{rel}","templated":true}]}}