{"id":25647,"date":"2020-01-15T13:12:44","date_gmt":"2020-01-15T13:12:44","guid":{"rendered":"https:\/\/sertv.gob.pa\/crisolfm\/?p=25647"},"modified":"2020-01-15T13:12:44","modified_gmt":"2020-01-15T13:12:44","slug":"prohiben-uso-de-polietileno-en-almacenes-mayoristas-a-partir-del-20-de-enero","status":"publish","type":"post","link":"https:\/\/sertv.gob.pa\/crisolfm\/prohiben-uso-de-polietileno-en-almacenes-mayoristas-a-partir-del-20-de-enero\/","title":{"rendered":"Proh\u00edben uso de polietileno en almacenes mayoristas a partir del 20 de enero"},"content":{"rendered":"<p>A partir del pr\u00f3ximo 20 de enero quedar\u00e1 prohibido el uso de pl\u00e1stico de polietileno en almacenes mayoristas que distribuyen mercanc\u00edas, seg\u00fan la Ley 1 del 19 de enero de 2019. Aunque la legislaci\u00f3n no lo especifica, fuentes consultadas manifestaron que esta fase de la regulaci\u00f3n se aplica a los comercios que venden mercanc\u00edas en vol\u00famenes.<\/p>\n<p>Los usuarios deben buscar nuevas alternativas, como en su momento se hizo con las bolsas reutilizables usadas en los supermercados, farmacias y almacenes minoristas -desde el pasado 20 de julio de 2019- cuando entr\u00f3 en vigencia la primera fase de la legislaci\u00f3n.<\/p>\n<p>Seg\u00fan un informe del Banco Interamericano de Desarrollo, en Panam\u00e1 se producen cada d\u00eda 4 mil 800 toneladas de basura, 2 mil 500 de ellas, solo en la ciudad de Panam\u00e1. Sin embargo, solo se recicla el 5% de los desechos, a pesar de que el 70% de la basura puede ser reutilizada con un valor calculado de $47 millones.<\/p>\n<p>Mirei Endara, exministra de ambiente y actual directora de Marea Verde Panam\u00e1, sostiene que con la medida que promueve el uso de materiales reutilizables, disminuy\u00f3 la presencia de bolsas pl\u00e1sticas en las costas paname\u00f1as.<\/p>\n<p>En tanto, la Autoridad Nacional de Aduanas, asegura que desde la implementaci\u00f3n de la normativa se redujo en un 54% la importaci\u00f3n de bolsas pl\u00e1sticas al pa\u00eds.<\/p>\n<p>&nbsp;<\/p>\n","protected":false},"excerpt":{"rendered":"<p>A partir del pr\u00f3ximo 20 de enero quedar\u00e1 prohibido el <a href=\"https:\/\/sertv.gob.pa\/crisolfm\/prohiben-uso-de-polietileno-en-almacenes-mayoristas-a-partir-del-20-de-enero\/\"> [&#8230;]<\/a><\/p>\n","protected":false},"author":64,"featured_media":25649,"comment_status":"closed","ping_status":"closed","sticky":false,"template":"","format":"standard","meta":{"footnotes":""},"categories":[7],"tags":[],"class_list":["post-25647","post","type-post","status-publish","format-standard","has-post-thumbnail","hentry","category-ecologicas"],"_links":{"self":[{"href":"https:\/\/sertv.gob.pa\/crisolfm\/wp-json\/wp\/v2\/posts\/25647","targetHints":{"allow":["GET"]}}],"collection":[{"href":"https:\/\/sertv.gob.pa\/crisolfm\/wp-json\/wp\/v2\/posts"}],"about":[{"href":"https:\/\/sertv.gob.pa\/crisolfm\/wp-json\/wp\/v2\/types\/post"}],"author":[{"embeddable":true,"href":"https:\/\/sertv.gob.pa\/crisolfm\/wp-json\/wp\/v2\/users\/64"}],"replies":[{"embeddable":true,"href":"https:\/\/sertv.gob.pa\/crisolfm\/wp-json\/wp\/v2\/comments?post=25647"}],"version-history":[{"count":1,"href":"https:\/\/sertv.gob.pa\/crisolfm\/wp-json\/wp\/v2\/posts\/25647\/revisions"}],"predecessor-version":[{"id":25650,"href":"https:\/\/sertv.gob.pa\/crisolfm\/wp-json\/wp\/v2\/posts\/25647\/revisions\/25650"}],"wp:featuredmedia":[{"embeddable":true,"href":"https:\/\/sertv.gob.pa\/crisolfm\/wp-json\/wp\/v2\/media\/25649"}],"wp:attachment":[{"href":"https:\/\/sertv.gob.pa\/crisolfm\/wp-json\/wp\/v2\/media?parent=25647"}],"wp:term":[{"taxonomy":"category","embeddable":true,"href":"https:\/\/sertv.gob.pa\/crisolfm\/wp-json\/wp\/v2\/categories?post=25647"},{"taxonomy":"post_tag","embeddable":true,"href":"https:\/\/sertv.gob.pa\/crisolfm\/wp-json\/wp\/v2\/tags?post=25647"}],"curies":[{"name":"wp","href":"https:\/\/api.w.org\/{rel}","templated":true}]}}