{"id":25651,"date":"2020-01-15T13:18:11","date_gmt":"2020-01-15T13:18:11","guid":{"rendered":"https:\/\/sertv.gob.pa\/crisolfm\/?p=25651"},"modified":"2020-01-15T13:18:11","modified_gmt":"2020-01-15T13:18:11","slug":"temperaturas-oceanicas-suben-a-niveles-de-record","status":"publish","type":"post","link":"https:\/\/sertv.gob.pa\/crisolfm\/temperaturas-oceanicas-suben-a-niveles-de-record\/","title":{"rendered":"Temperaturas oce\u00e1nicas suben a niveles de r\u00e9cord"},"content":{"rendered":"<p>El calentamiento mundial elev\u00f3 las temperaturas de los oc\u00e9anos del mundo el a\u00f1o pasado a las m\u00e1s altas registradas, una situaci\u00f3n que resulta en acontecimientos clim\u00e1ticos extremos como inundaciones e incendios, seg\u00fan un nuevo estudio.<\/p>\n<p>Los resultados, publicados en la revista<strong> Advances in Atmospheric Sciences<\/strong>, se suman a una creciente lista de se\u00f1ales de alarma que propician llamamientos a medidas contra el cambio clim\u00e1tico, desde unos incendios forestales sin precedentes en Australia tras el a\u00f1o m\u00e1s caluroso y seco a la d\u00e9cada de temperaturas m\u00e1s altas registradas.<\/p>\n<p>El estudio tambi\u00e9n concluy\u00f3 que las temperaturas oce\u00e1nicas en los \u00faltimos cinco a\u00f1os han sido las m\u00e1s c\u00e1lidas desde 1955, citando datos del Instituto de F\u00edsica Atmosf\u00e9rica (IAP, del ingl\u00e9s) de la Academia de Ciencias de China.<\/p>\n<p>\u201cEl calentamiento del oc\u00e9ano es irrefutable, y una medida clave del desequilibrio energ\u00e9tico de la Tierra\u201d, escribieron los autores, entre los que figuran Lijing Cheng, del Centro Internacional de Ciencias del Clima y Medio Ambiente de la IAP.<\/p>\n<p>Bloomberg<\/p>\n","protected":false},"excerpt":{"rendered":"<p>El calentamiento mundial elev\u00f3 las temperaturas de los oc\u00e9anos del <a href=\"https:\/\/sertv.gob.pa\/crisolfm\/temperaturas-oceanicas-suben-a-niveles-de-record\/\"> [&#8230;]<\/a><\/p>\n","protected":false},"author":64,"featured_media":25652,"comment_status":"closed","ping_status":"closed","sticky":false,"template":"","format":"standard","meta":{"footnotes":""},"categories":[7],"tags":[],"class_list":["post-25651","post","type-post","status-publish","format-standard","has-post-thumbnail","hentry","category-ecologicas"],"_links":{"self":[{"href":"https:\/\/sertv.gob.pa\/crisolfm\/wp-json\/wp\/v2\/posts\/25651","targetHints":{"allow":["GET"]}}],"collection":[{"href":"https:\/\/sertv.gob.pa\/crisolfm\/wp-json\/wp\/v2\/posts"}],"about":[{"href":"https:\/\/sertv.gob.pa\/crisolfm\/wp-json\/wp\/v2\/types\/post"}],"author":[{"embeddable":true,"href":"https:\/\/sertv.gob.pa\/crisolfm\/wp-json\/wp\/v2\/users\/64"}],"replies":[{"embeddable":true,"href":"https:\/\/sertv.gob.pa\/crisolfm\/wp-json\/wp\/v2\/comments?post=25651"}],"version-history":[{"count":1,"href":"https:\/\/sertv.gob.pa\/crisolfm\/wp-json\/wp\/v2\/posts\/25651\/revisions"}],"predecessor-version":[{"id":25653,"href":"https:\/\/sertv.gob.pa\/crisolfm\/wp-json\/wp\/v2\/posts\/25651\/revisions\/25653"}],"wp:featuredmedia":[{"embeddable":true,"href":"https:\/\/sertv.gob.pa\/crisolfm\/wp-json\/wp\/v2\/media\/25652"}],"wp:attachment":[{"href":"https:\/\/sertv.gob.pa\/crisolfm\/wp-json\/wp\/v2\/media?parent=25651"}],"wp:term":[{"taxonomy":"category","embeddable":true,"href":"https:\/\/sertv.gob.pa\/crisolfm\/wp-json\/wp\/v2\/categories?post=25651"},{"taxonomy":"post_tag","embeddable":true,"href":"https:\/\/sertv.gob.pa\/crisolfm\/wp-json\/wp\/v2\/tags?post=25651"}],"curies":[{"name":"wp","href":"https:\/\/api.w.org\/{rel}","templated":true}]}}