{"id":25657,"date":"2020-01-15T13:32:03","date_gmt":"2020-01-15T13:32:03","guid":{"rendered":"https:\/\/sertv.gob.pa\/crisolfm\/?p=25657"},"modified":"2020-01-15T13:32:03","modified_gmt":"2020-01-15T13:32:03","slug":"un-2019-de-records-para-el-mac-panama","status":"publish","type":"post","link":"https:\/\/sertv.gob.pa\/crisolfm\/un-2019-de-records-para-el-mac-panama\/","title":{"rendered":"Un 2019 de r\u00e9cords para el MAC Panam\u00e1"},"content":{"rendered":"<p>Para el <a href=\"https:\/\/www.prensa.com\/tema\/mac-museo-de-arte-contempor-neo\/\" target=\"_blank\" rel=\"noopener\">Museo de Arte Contempor\u00e1neo (MAC Panam\u00e1)<\/a>, 2019 fue un a\u00f1o de r\u00e9cords: triplic\u00f3 la convocatoria de p\u00fablico, duplic\u00f3 la participaci\u00f3n de ni\u00f1os en sus programas de arte e igualmente dobl\u00f3 la cantidad de actividades culturales que desarroll\u00f3 dentro y fuera de sus espacios.<\/p>\n<p>La asistencia lleg\u00f3 hasta los 60 mil 313 visitantes, casi tres veces m\u00e1s que en 2018 (21 mil 146 personas) y cinco veces m\u00e1s que en 2017 (11 mil 73 personas), gracias a 11 exposiciones dentro y fuera de su sede en Anc\u00f3n, que reunieron obras de 146 artistas nacionales y extranjeros, seg\u00fan detalla la <strong>Memoria Anual 2019<\/strong> del MAC Panam\u00e1.<\/p>\n<p>\u201cDurante el 2019 nos enfocamos en maximizar nuestras oportunidades de acercar las artes a audiencias diversas en nuestra sede de Anc\u00f3n y ampliar nuestro alcance hacia distintos puntos de la ciudad y del interior del pa\u00eds\u201d, apunta el informe, difundido ayer por la organizaci\u00f3n no gubernamental fundada en 1962.<\/p>\n<p>El museo funciona de martes a domingos de 10:00 a.m. a 5:00 p.m. La entrada es libre y est\u00e1 abierta la posibilidad de hacer una donaci\u00f3n voluntaria.<\/p>\n<p>&nbsp;<\/p>\n","protected":false},"excerpt":{"rendered":"<p>Para el Museo de Arte Contempor\u00e1neo (MAC Panam\u00e1), 2019 fue <a href=\"https:\/\/sertv.gob.pa\/crisolfm\/un-2019-de-records-para-el-mac-panama\/\"> [&#8230;]<\/a><\/p>\n","protected":false},"author":64,"featured_media":25659,"comment_status":"closed","ping_status":"closed","sticky":false,"template":"","format":"standard","meta":{"footnotes":""},"categories":[6],"tags":[],"class_list":["post-25657","post","type-post","status-publish","format-standard","has-post-thumbnail","hentry","category-culturales"],"_links":{"self":[{"href":"https:\/\/sertv.gob.pa\/crisolfm\/wp-json\/wp\/v2\/posts\/25657","targetHints":{"allow":["GET"]}}],"collection":[{"href":"https:\/\/sertv.gob.pa\/crisolfm\/wp-json\/wp\/v2\/posts"}],"about":[{"href":"https:\/\/sertv.gob.pa\/crisolfm\/wp-json\/wp\/v2\/types\/post"}],"author":[{"embeddable":true,"href":"https:\/\/sertv.gob.pa\/crisolfm\/wp-json\/wp\/v2\/users\/64"}],"replies":[{"embeddable":true,"href":"https:\/\/sertv.gob.pa\/crisolfm\/wp-json\/wp\/v2\/comments?post=25657"}],"version-history":[{"count":1,"href":"https:\/\/sertv.gob.pa\/crisolfm\/wp-json\/wp\/v2\/posts\/25657\/revisions"}],"predecessor-version":[{"id":25660,"href":"https:\/\/sertv.gob.pa\/crisolfm\/wp-json\/wp\/v2\/posts\/25657\/revisions\/25660"}],"wp:featuredmedia":[{"embeddable":true,"href":"https:\/\/sertv.gob.pa\/crisolfm\/wp-json\/wp\/v2\/media\/25659"}],"wp:attachment":[{"href":"https:\/\/sertv.gob.pa\/crisolfm\/wp-json\/wp\/v2\/media?parent=25657"}],"wp:term":[{"taxonomy":"category","embeddable":true,"href":"https:\/\/sertv.gob.pa\/crisolfm\/wp-json\/wp\/v2\/categories?post=25657"},{"taxonomy":"post_tag","embeddable":true,"href":"https:\/\/sertv.gob.pa\/crisolfm\/wp-json\/wp\/v2\/tags?post=25657"}],"curies":[{"name":"wp","href":"https:\/\/api.w.org\/{rel}","templated":true}]}}