{"id":25661,"date":"2020-01-15T13:41:39","date_gmt":"2020-01-15T13:41:39","guid":{"rendered":"https:\/\/sertv.gob.pa\/crisolfm\/?p=25661"},"modified":"2020-01-15T13:41:39","modified_gmt":"2020-01-15T13:41:39","slug":"primer-museo-de-fotografia-abre-en-marruecos-con-muestra-dedicada-a-jovenes","status":"publish","type":"post","link":"https:\/\/sertv.gob.pa\/crisolfm\/primer-museo-de-fotografia-abre-en-marruecos-con-muestra-dedicada-a-jovenes\/","title":{"rendered":"Primer museo de fotograf\u00eda abre en Marruecos con muestra dedicada a j\u00f3venes"},"content":{"rendered":"<p>El primer museo dedicado exclusivamente a la fotograf\u00eda abri\u00f3 ayer sus puertas en Rabat con una muestra que re\u00fane las im\u00e1genes tomadas por al menos veinte fot\u00f3grafos marroqu\u00edes.<\/p>\n<p>\u00abEs la fiesta de la fotograf\u00eda\u00bb, dijo a la prensa el presidente de la Fundaci\u00f3n Nacional de Museos, Mehdi Qotbi, quien a\u00f1adi\u00f3 que este museo estar\u00e1 destinado a los j\u00f3venes como \u00absu propio espacio para expresarse\u00bb.<\/p>\n<p>Qotbi explic\u00f3 que este museo es un mensaje \u00abpara sacar a la juventud del oscurantismo a la luz\u00bb, y es tambi\u00e9n una forma de \u00abdemocratizar el arte\u00bb al acercar esta expresi\u00f3n art\u00edstica al p\u00fablico marroqu\u00ed.<\/p>\n<p>El museo, que se encuentra en una fortaleza del siglo XIX situada en la costa de Rabat a unos 800 metros de la Casbah de los Udayas, ser\u00e1 gratuito al p\u00fablico los primeros quince d\u00edas.<\/p>\n<p>En la muestra inaugural que va a durar cuatro meses, la Fundaci\u00f3n Nacional de Museos ha dado \u00abcarta blanca\u00bb al joven fot\u00f3grafo marroqu\u00ed Yasin Alaui Ismaili (con nombre art\u00edstico Yorias) para elegir el grupo de fot\u00f3grafos que van a exhibir sus instant\u00e1neas.<\/p>\n<p>Ismaili explic\u00f3, en declaraciones a la prensa durante la inauguraci\u00f3n de la muestra, que ha querido escoger a fot\u00f3grafos marroqu\u00edes reconocidos a nivel internacional (como Kilito M&#8217;Hammed, Benzaquen D\u00e9borah, entre otros), otros emergentes, adem\u00e1s de nuevos talentos.<\/p>\n<p>EFE<\/p>\n","protected":false},"excerpt":{"rendered":"<p>El primer museo dedicado exclusivamente a la fotograf\u00eda abri\u00f3 ayer <a href=\"https:\/\/sertv.gob.pa\/crisolfm\/primer-museo-de-fotografia-abre-en-marruecos-con-muestra-dedicada-a-jovenes\/\"> [&#8230;]<\/a><\/p>\n","protected":false},"author":64,"featured_media":25662,"comment_status":"closed","ping_status":"closed","sticky":false,"template":"","format":"standard","meta":{"footnotes":""},"categories":[6],"tags":[],"class_list":["post-25661","post","type-post","status-publish","format-standard","has-post-thumbnail","hentry","category-culturales"],"_links":{"self":[{"href":"https:\/\/sertv.gob.pa\/crisolfm\/wp-json\/wp\/v2\/posts\/25661","targetHints":{"allow":["GET"]}}],"collection":[{"href":"https:\/\/sertv.gob.pa\/crisolfm\/wp-json\/wp\/v2\/posts"}],"about":[{"href":"https:\/\/sertv.gob.pa\/crisolfm\/wp-json\/wp\/v2\/types\/post"}],"author":[{"embeddable":true,"href":"https:\/\/sertv.gob.pa\/crisolfm\/wp-json\/wp\/v2\/users\/64"}],"replies":[{"embeddable":true,"href":"https:\/\/sertv.gob.pa\/crisolfm\/wp-json\/wp\/v2\/comments?post=25661"}],"version-history":[{"count":1,"href":"https:\/\/sertv.gob.pa\/crisolfm\/wp-json\/wp\/v2\/posts\/25661\/revisions"}],"predecessor-version":[{"id":25663,"href":"https:\/\/sertv.gob.pa\/crisolfm\/wp-json\/wp\/v2\/posts\/25661\/revisions\/25663"}],"wp:featuredmedia":[{"embeddable":true,"href":"https:\/\/sertv.gob.pa\/crisolfm\/wp-json\/wp\/v2\/media\/25662"}],"wp:attachment":[{"href":"https:\/\/sertv.gob.pa\/crisolfm\/wp-json\/wp\/v2\/media?parent=25661"}],"wp:term":[{"taxonomy":"category","embeddable":true,"href":"https:\/\/sertv.gob.pa\/crisolfm\/wp-json\/wp\/v2\/categories?post=25661"},{"taxonomy":"post_tag","embeddable":true,"href":"https:\/\/sertv.gob.pa\/crisolfm\/wp-json\/wp\/v2\/tags?post=25661"}],"curies":[{"name":"wp","href":"https:\/\/api.w.org\/{rel}","templated":true}]}}