{"id":25684,"date":"2020-01-15T15:14:19","date_gmt":"2020-01-15T15:14:19","guid":{"rendered":"https:\/\/sertv.gob.pa\/crisolfm\/?p=25684"},"modified":"2020-01-15T15:14:19","modified_gmt":"2020-01-15T15:14:19","slug":"el-uso-del-carbon-seguira-creciendo-en-asia","status":"publish","type":"post","link":"https:\/\/sertv.gob.pa\/crisolfm\/el-uso-del-carbon-seguira-creciendo-en-asia\/","title":{"rendered":"El uso del carb\u00f3n seguir\u00e1 creciendo en Asia"},"content":{"rendered":"<p>Seg\u00fan el informe &#8216;Carb\u00f3n 2019&#8217;, presentado este lunes por Carlos Fern\u00e1ndez, analista senior de la AIE, en un acto organizado por el Club Espa\u00f1ol de la Energ\u00eda (Enerclub), el consumo en esta regi\u00f3n se<strong> estabilizar\u00e1 a partir de 2022<\/strong> y, posteriormente, comenzar\u00e1 a disminuir ligeramente.<\/p>\n<p>El organismo internacional destaca que el repunte de la demanda mundial de carb\u00f3n experimentado en 2017, despu\u00e9s de tres a\u00f1os de reducci\u00f3n, continu\u00f3 en 2018 con un incremento del 1,1%, impulsado por el crecimiento en la generaci\u00f3n de electricidad a partir de este combustible. As\u00ed, se\u00f1ala que mantuvo su posici\u00f3n como la mayor fuente de generaci\u00f3n el\u00e9ctrica del mundo con una participaci\u00f3n del 38%, aunque la AIE estima que su participaci\u00f3n disminuya en 2019, alcanzando la mayor <strong>ca\u00edda de la serie hist\u00f3rica<\/strong>, seg\u00fan inform\u00f3 Enerclub.<\/p>\n<p>En lo que se refiere a la producci\u00f3n de carb\u00f3n, el informe considera que registr\u00f3 un aumento del 3,3% en 2018, principalmente impulsada por el crecimiento de la demanda.<\/p>\n<p>Los principales pa\u00edses productores de carb\u00f3n, con India, Indonesia y Rusia a la cabeza, aumentaron notablemente su producci\u00f3n. Indonesia y Rusia registraron el mayor n\u00famero de exportaciones de la serie hist\u00f3rica.<\/p>\n<p>Mientras, en Europa y Estados Unidos, la <strong>generaci\u00f3n de carb\u00f3n<\/strong> cay\u00f3 de forma acusada, siendo el precio competitivo del gas natural y el alza del CO2 en Europa y el auge del gas de esquisto en Estados Unidos, los principales factores de este descenso. En Europa, la AIE afirma que la energ\u00eda e\u00f3lica y la energ\u00eda solar fotovoltaica continuaron aumentando su participaci\u00f3n en la generaci\u00f3n de electricidad en 2019 y prev\u00e9 que el cierre de las plantas de carb\u00f3n y el mayor crecimiento de las energ\u00edas renovables, reducir\u00e1n la generaci\u00f3n de carb\u00f3n en m\u00e1s del 5% anual hasta 2024.<\/p>\n<p>ECOticias<\/p>\n","protected":false},"excerpt":{"rendered":"<p>Seg\u00fan el informe &#8216;Carb\u00f3n 2019&#8217;, presentado este lunes por Carlos <a href=\"https:\/\/sertv.gob.pa\/crisolfm\/el-uso-del-carbon-seguira-creciendo-en-asia\/\"> [&#8230;]<\/a><\/p>\n","protected":false},"author":64,"featured_media":25685,"comment_status":"closed","ping_status":"closed","sticky":false,"template":"","format":"standard","meta":{"footnotes":""},"categories":[7],"tags":[],"class_list":["post-25684","post","type-post","status-publish","format-standard","has-post-thumbnail","hentry","category-ecologicas"],"_links":{"self":[{"href":"https:\/\/sertv.gob.pa\/crisolfm\/wp-json\/wp\/v2\/posts\/25684","targetHints":{"allow":["GET"]}}],"collection":[{"href":"https:\/\/sertv.gob.pa\/crisolfm\/wp-json\/wp\/v2\/posts"}],"about":[{"href":"https:\/\/sertv.gob.pa\/crisolfm\/wp-json\/wp\/v2\/types\/post"}],"author":[{"embeddable":true,"href":"https:\/\/sertv.gob.pa\/crisolfm\/wp-json\/wp\/v2\/users\/64"}],"replies":[{"embeddable":true,"href":"https:\/\/sertv.gob.pa\/crisolfm\/wp-json\/wp\/v2\/comments?post=25684"}],"version-history":[{"count":1,"href":"https:\/\/sertv.gob.pa\/crisolfm\/wp-json\/wp\/v2\/posts\/25684\/revisions"}],"predecessor-version":[{"id":25686,"href":"https:\/\/sertv.gob.pa\/crisolfm\/wp-json\/wp\/v2\/posts\/25684\/revisions\/25686"}],"wp:featuredmedia":[{"embeddable":true,"href":"https:\/\/sertv.gob.pa\/crisolfm\/wp-json\/wp\/v2\/media\/25685"}],"wp:attachment":[{"href":"https:\/\/sertv.gob.pa\/crisolfm\/wp-json\/wp\/v2\/media?parent=25684"}],"wp:term":[{"taxonomy":"category","embeddable":true,"href":"https:\/\/sertv.gob.pa\/crisolfm\/wp-json\/wp\/v2\/categories?post=25684"},{"taxonomy":"post_tag","embeddable":true,"href":"https:\/\/sertv.gob.pa\/crisolfm\/wp-json\/wp\/v2\/tags?post=25684"}],"curies":[{"name":"wp","href":"https:\/\/api.w.org\/{rel}","templated":true}]}}