{"id":25697,"date":"2020-01-16T13:15:27","date_gmt":"2020-01-16T13:15:27","guid":{"rendered":"https:\/\/sertv.gob.pa\/crisolfm\/?p=25697"},"modified":"2020-01-16T13:15:27","modified_gmt":"2020-01-16T13:15:27","slug":"la-ultima-decada-es-la-mas-caliente-registrada-hasta-la-fecha-alerta-la-onu","status":"publish","type":"post","link":"https:\/\/sertv.gob.pa\/crisolfm\/la-ultima-decada-es-la-mas-caliente-registrada-hasta-la-fecha-alerta-la-onu\/","title":{"rendered":"La \u00faltima d\u00e9cada es la m\u00e1s caliente registrada hasta la fecha, alerta la ONU"},"content":{"rendered":"<p>La d\u00e9cada de 2010 a 2019 fue la m\u00e1s caliente jam\u00e1s observada, alert\u00f3 el mi\u00e9rcoles la<strong> ONU<\/strong>, confirmando el inexorable calentamiento clim\u00e1tico de la Tierra, caracterizado por el crecimiento de los fen\u00f3menos meteorol\u00f3gicos extremos.<\/p>\n<p><em>\u201cDesgraciadamente, esperamos ver muchos fen\u00f3menos meteorol\u00f3gicos extremos en 2020 y en las d\u00e9cadas por venir, alimentados por niveles r\u00e9cord de gas con efecto invernadero que retienen el calor en la atm\u00f3sfera\u201d, <\/em>subray\u00f3 el secretario general de la Organizaci\u00f3n meteorol\u00f3gica mundial (OMM), Petteri Taalas, en un comunicado.<\/p>\n<p>La OMM a\u00f1adi\u00f3 que sus an\u00e1lisis confirman la informaci\u00f3n suministrada por el monitor clim\u00e1tico de la <a href=\"https:\/\/www.prensa.com\/tema\/uni-n-europea\/\" target=\"_blank\" rel=\"noopener\">Uni\u00f3n Europea<\/a> la semana pasada, que muestra que el a\u00f1o pasado fue el segundo m\u00e1s caluroso, despu\u00e9s de 2016. <strong>No hay buenos augurios para 2020.<\/strong><\/p>\n<p>\u00abEl a\u00f1o 2020 comenz\u00f3 ah\u00ed donde 2019 termin\u00f3, con acontecimientos meteorol\u00f3gicos y clim\u00e1ticos de fuerte impacto\u00bb, como en Australia, que \u00abexperiment\u00f3 en 2019 su a\u00f1o m\u00e1s caliente y m\u00e1s seco nunca registrado\u00bb, agreg\u00f3.<\/p>\n<p>AFP<\/p>\n","protected":false},"excerpt":{"rendered":"<p>La d\u00e9cada de 2010 a 2019 fue la m\u00e1s caliente <a href=\"https:\/\/sertv.gob.pa\/crisolfm\/la-ultima-decada-es-la-mas-caliente-registrada-hasta-la-fecha-alerta-la-onu\/\"> [&#8230;]<\/a><\/p>\n","protected":false},"author":64,"featured_media":25698,"comment_status":"closed","ping_status":"closed","sticky":false,"template":"","format":"standard","meta":{"footnotes":""},"categories":[7],"tags":[],"class_list":["post-25697","post","type-post","status-publish","format-standard","has-post-thumbnail","hentry","category-ecologicas"],"_links":{"self":[{"href":"https:\/\/sertv.gob.pa\/crisolfm\/wp-json\/wp\/v2\/posts\/25697","targetHints":{"allow":["GET"]}}],"collection":[{"href":"https:\/\/sertv.gob.pa\/crisolfm\/wp-json\/wp\/v2\/posts"}],"about":[{"href":"https:\/\/sertv.gob.pa\/crisolfm\/wp-json\/wp\/v2\/types\/post"}],"author":[{"embeddable":true,"href":"https:\/\/sertv.gob.pa\/crisolfm\/wp-json\/wp\/v2\/users\/64"}],"replies":[{"embeddable":true,"href":"https:\/\/sertv.gob.pa\/crisolfm\/wp-json\/wp\/v2\/comments?post=25697"}],"version-history":[{"count":1,"href":"https:\/\/sertv.gob.pa\/crisolfm\/wp-json\/wp\/v2\/posts\/25697\/revisions"}],"predecessor-version":[{"id":25699,"href":"https:\/\/sertv.gob.pa\/crisolfm\/wp-json\/wp\/v2\/posts\/25697\/revisions\/25699"}],"wp:featuredmedia":[{"embeddable":true,"href":"https:\/\/sertv.gob.pa\/crisolfm\/wp-json\/wp\/v2\/media\/25698"}],"wp:attachment":[{"href":"https:\/\/sertv.gob.pa\/crisolfm\/wp-json\/wp\/v2\/media?parent=25697"}],"wp:term":[{"taxonomy":"category","embeddable":true,"href":"https:\/\/sertv.gob.pa\/crisolfm\/wp-json\/wp\/v2\/categories?post=25697"},{"taxonomy":"post_tag","embeddable":true,"href":"https:\/\/sertv.gob.pa\/crisolfm\/wp-json\/wp\/v2\/tags?post=25697"}],"curies":[{"name":"wp","href":"https:\/\/api.w.org\/{rel}","templated":true}]}}