{"id":25700,"date":"2020-01-16T13:22:03","date_gmt":"2020-01-16T13:22:03","guid":{"rendered":"https:\/\/sertv.gob.pa\/crisolfm\/?p=25700"},"modified":"2020-01-16T13:22:03","modified_gmt":"2020-01-16T13:22:03","slug":"monitoreo-en-el-vertedero-de-chitre-se-mantiene","status":"publish","type":"post","link":"https:\/\/sertv.gob.pa\/crisolfm\/monitoreo-en-el-vertedero-de-chitre-se-mantiene\/","title":{"rendered":"Monitoreo en el vertedero de Chitr\u00e9 se mantiene"},"content":{"rendered":"<p>Por 2 d\u00edas consecutivos, funcionarios del Ministerio de Salud han medido la concentraci\u00f3n de part\u00edculas de humo que se mantienen en el ambiente de las zonas afectadas por el incendio del vertedero de Chitr\u00e9, situaci\u00f3n que se gener\u00f3 el pasado 8 de enero.<\/p>\n<p>Edison Baule, jefe de la secci\u00f3n de saneamiento ambiental de la regi\u00f3n de Salud de Herrera, se\u00f1al\u00f3 que adicional a esos trabajos contin\u00faan con las inspecciones diarias en los predios adyacentes al vertedero a cielo abierto.<\/p>\n<p>Baule agreg\u00f3 que se mantiene el monitoreo permanente para conocer los avances de los trabajos que lleva a cabo un equipo interinstitucional.<\/p>\n<p>Igualmente a\u00f1adi\u00f3 que estos controles revelaron que los trabajos en el vertedero \u201csiguen a buen ritmo, con una disminuci\u00f3n considerable de la emanaci\u00f3n de humo y sus afectaciones a la comunidad\u201d. \u00a0Se inform\u00f3 que las inspecciones seguir\u00e1n efectu\u00e1ndose de forma constante.<\/p>\n<p>&nbsp;<\/p>\n","protected":false},"excerpt":{"rendered":"<p>Por 2 d\u00edas consecutivos, funcionarios del Ministerio de Salud han <a href=\"https:\/\/sertv.gob.pa\/crisolfm\/monitoreo-en-el-vertedero-de-chitre-se-mantiene\/\"> [&#8230;]<\/a><\/p>\n","protected":false},"author":64,"featured_media":25701,"comment_status":"closed","ping_status":"closed","sticky":false,"template":"","format":"standard","meta":{"footnotes":""},"categories":[7],"tags":[],"class_list":["post-25700","post","type-post","status-publish","format-standard","has-post-thumbnail","hentry","category-ecologicas"],"_links":{"self":[{"href":"https:\/\/sertv.gob.pa\/crisolfm\/wp-json\/wp\/v2\/posts\/25700","targetHints":{"allow":["GET"]}}],"collection":[{"href":"https:\/\/sertv.gob.pa\/crisolfm\/wp-json\/wp\/v2\/posts"}],"about":[{"href":"https:\/\/sertv.gob.pa\/crisolfm\/wp-json\/wp\/v2\/types\/post"}],"author":[{"embeddable":true,"href":"https:\/\/sertv.gob.pa\/crisolfm\/wp-json\/wp\/v2\/users\/64"}],"replies":[{"embeddable":true,"href":"https:\/\/sertv.gob.pa\/crisolfm\/wp-json\/wp\/v2\/comments?post=25700"}],"version-history":[{"count":1,"href":"https:\/\/sertv.gob.pa\/crisolfm\/wp-json\/wp\/v2\/posts\/25700\/revisions"}],"predecessor-version":[{"id":25702,"href":"https:\/\/sertv.gob.pa\/crisolfm\/wp-json\/wp\/v2\/posts\/25700\/revisions\/25702"}],"wp:featuredmedia":[{"embeddable":true,"href":"https:\/\/sertv.gob.pa\/crisolfm\/wp-json\/wp\/v2\/media\/25701"}],"wp:attachment":[{"href":"https:\/\/sertv.gob.pa\/crisolfm\/wp-json\/wp\/v2\/media?parent=25700"}],"wp:term":[{"taxonomy":"category","embeddable":true,"href":"https:\/\/sertv.gob.pa\/crisolfm\/wp-json\/wp\/v2\/categories?post=25700"},{"taxonomy":"post_tag","embeddable":true,"href":"https:\/\/sertv.gob.pa\/crisolfm\/wp-json\/wp\/v2\/tags?post=25700"}],"curies":[{"name":"wp","href":"https:\/\/api.w.org\/{rel}","templated":true}]}}