{"id":25706,"date":"2020-01-16T13:35:02","date_gmt":"2020-01-16T13:35:02","guid":{"rendered":"https:\/\/sertv.gob.pa\/crisolfm\/?p=25706"},"modified":"2020-01-16T13:35:02","modified_gmt":"2020-01-16T13:35:02","slug":"historia-etnica-y-lucha-ambiental-protagonizan-murales-de-la-capital-panamena","status":"publish","type":"post","link":"https:\/\/sertv.gob.pa\/crisolfm\/historia-etnica-y-lucha-ambiental-protagonizan-murales-de-la-capital-panamena\/","title":{"rendered":"Historia \u00e9tnica y lucha ambiental protagonizan murales de la capital paname\u00f1a"},"content":{"rendered":"<p>Si al recorrer la Ciudad de Panam\u00e1 se topa con un mural que muestra el rostro perfecto de una mujer negra de grandes ojos caf\u00e9 y turbante multicolor, seguramente se encuentre en una barriada popular como R\u00edo Abajo, en la que viven muchos descendientes de afroantillanos.<\/p>\n<p>Ese es uno de los 26 murales que adornan a esta gran urbe centroamericana llena de contrastes, y que intentan contar su historia \u00e9tnica, como parte de un proyecto impulsado por el gobierno de la ciudad.<\/p>\n<p>\u00abB\u00e1sicamente se crean espacios atractivos para que la gente se identifique con estos murales y de paso crear un sentido de pertenencia\u00bb, explic\u00f3 a Efe el encargado del Departamento de Cultura del Municipio de Panam\u00e1, Genaro Villalaz.<\/p>\n<p>Puso el ejemplo a \u00abLa Negra\u00bb de R\u00edo Abajo: \u00ablo interesante es que esa es un \u00e1rea donde predomina el elemento afrodescendiente, muchas de las personas que vinieron a trabajar en el Canal de Panam\u00e1 se les ubic\u00f3 f\u00edsicamente en ese lugar\u00bb.<\/p>\n<p>Una de las impulsoras de esta iniciativa de \u00abarte positivo\u00bb fue la arquitecta, ambientalista y ex vicealcaldesa de la Ciudad Panam\u00e1 (2014-2019), Raisa Banfield, quien coment\u00f3 a Efe que la idea es convertir a la ciudad \u00aben una sala de exhibici\u00f3n permanente\u00bb para el disfrute de sus habitantes y visitante y tambi\u00e9n para los j\u00f3venes artistas.<\/p>\n<p>Cada uno de los murales que se hicieron en estos 26 corregimientos de la capital paname\u00f1a representan la diversidad humana, la riqueza natural del lugar, su expresividad, las etnias que hay en los mismos, e historias de personajes de la comunidad\u00bb, explic\u00f3.<\/p>\n<p>EFE<\/p>\n","protected":false},"excerpt":{"rendered":"<p>Si al recorrer la Ciudad de Panam\u00e1 se topa con <a href=\"https:\/\/sertv.gob.pa\/crisolfm\/historia-etnica-y-lucha-ambiental-protagonizan-murales-de-la-capital-panamena\/\"> [&#8230;]<\/a><\/p>\n","protected":false},"author":64,"featured_media":25707,"comment_status":"closed","ping_status":"closed","sticky":false,"template":"","format":"standard","meta":{"footnotes":""},"categories":[6],"tags":[],"class_list":["post-25706","post","type-post","status-publish","format-standard","has-post-thumbnail","hentry","category-culturales"],"_links":{"self":[{"href":"https:\/\/sertv.gob.pa\/crisolfm\/wp-json\/wp\/v2\/posts\/25706","targetHints":{"allow":["GET"]}}],"collection":[{"href":"https:\/\/sertv.gob.pa\/crisolfm\/wp-json\/wp\/v2\/posts"}],"about":[{"href":"https:\/\/sertv.gob.pa\/crisolfm\/wp-json\/wp\/v2\/types\/post"}],"author":[{"embeddable":true,"href":"https:\/\/sertv.gob.pa\/crisolfm\/wp-json\/wp\/v2\/users\/64"}],"replies":[{"embeddable":true,"href":"https:\/\/sertv.gob.pa\/crisolfm\/wp-json\/wp\/v2\/comments?post=25706"}],"version-history":[{"count":1,"href":"https:\/\/sertv.gob.pa\/crisolfm\/wp-json\/wp\/v2\/posts\/25706\/revisions"}],"predecessor-version":[{"id":25708,"href":"https:\/\/sertv.gob.pa\/crisolfm\/wp-json\/wp\/v2\/posts\/25706\/revisions\/25708"}],"wp:featuredmedia":[{"embeddable":true,"href":"https:\/\/sertv.gob.pa\/crisolfm\/wp-json\/wp\/v2\/media\/25707"}],"wp:attachment":[{"href":"https:\/\/sertv.gob.pa\/crisolfm\/wp-json\/wp\/v2\/media?parent=25706"}],"wp:term":[{"taxonomy":"category","embeddable":true,"href":"https:\/\/sertv.gob.pa\/crisolfm\/wp-json\/wp\/v2\/categories?post=25706"},{"taxonomy":"post_tag","embeddable":true,"href":"https:\/\/sertv.gob.pa\/crisolfm\/wp-json\/wp\/v2\/tags?post=25706"}],"curies":[{"name":"wp","href":"https:\/\/api.w.org\/{rel}","templated":true}]}}